{"id":22883,"date":"2026-03-17T09:00:00","date_gmt":"2026-03-17T07:00:00","guid":{"rendered":"https:\/\/ciberespiral.org\/?p=22883"},"modified":"2026-03-17T23:35:32","modified_gmt":"2026-03-17T21:35:32","slug":"una-aliada-para-la-empatia","status":"publish","type":"post","link":"https:\/\/ciberespiral.org\/es\/una-aliada-para-la-empatia\/","title":{"rendered":"Una al(IA)da para la empat\u00eda"},"content":{"rendered":"<p>[et_pb_section fb_built=\u00bb1&#8243; theme_builder_area=\u00bbpost_content\u00bb _builder_version=\u00bb4.27.6&#8243; _module_preset=\u00bbdefault\u00bb custom_margin=\u00bb||-71px|||\u00bb da_is_popup=\u00bboff\u00bb da_exit_intent=\u00bboff\u00bb da_has_close=\u00bbon\u00bb da_alt_close=\u00bboff\u00bb da_dark_close=\u00bboff\u00bb da_not_modal=\u00bbon\u00bb da_is_singular=\u00bboff\u00bb da_with_loader=\u00bboff\u00bb da_has_shadow=\u00bbon\u00bb da_disable_devices=\u00bboff|off|off\u00bb][et_pb_row _builder_version=\u00bb4.27.6&#8243; _module_preset=\u00bbdefault\u00bb column_structure=\u00bb1_2,1_2&#8243; theme_builder_area=\u00bbpost_content\u00bb hover_enabled=\u00bb0&#8243; sticky_enabled=\u00bb0&#8243;][et_pb_column _builder_version=\u00bb4.27.6&#8243; _module_preset=\u00bbdefault\u00bb type=\u00bb1_2&#8243; theme_builder_area=\u00bbpost_content\u00bb][et_pb_image src=\u00bbhttps:\/\/ciberespiral.org\/wp-content\/uploads\/2026\/03\/Captura-de-pantalla-2026-03-17-a-las-22.28.05.png\u00bb _builder_version=\u00bb4.27.6&#8243; _module_preset=\u00bbdefault\u00bb theme_builder_area=\u00bbpost_content\u00bb title_text=\u00bbCaptura de pantalla 2026-03-17 a las 22.28.05&#8243; hover_enabled=\u00bb0&#8243; sticky_enabled=\u00bb0&#8243; custom_margin=\u00bb|3px||||\u00bb width=\u00bb50%\u00bb max_width=\u00bb50%\u00bb][\/et_pb_image][\/et_pb_column][et_pb_column _builder_version=\u00bb4.27.6&#8243; _module_preset=\u00bbdefault\u00bb type=\u00bb1_2&#8243; theme_builder_area=\u00bbpost_content\u00bb][et_pb_text _builder_version=\u00bb4.27.6&#8243; _module_preset=\u00bbdefault\u00bb theme_builder_area=\u00bbpost_content\u00bb hover_enabled=\u00bb0&#8243; sticky_enabled=\u00bb0&#8243; custom_margin=\u00bb|||-155px||\u00bb min_height=\u00bb217.4px\u00bb]<\/p>\n<p class=\"p1\"><strong>Autora<\/strong><\/p>\n<p class=\"p1\"><strong>Liliana Arroyo Moliner<\/strong><\/p>\n<p class=\"p2\">Dra. en Sociolog\u00eda. Especialista en innovaci\u00f3n social digital, docente e investigadora en ESADE. Adem\u00e1s de su experiencia en docencia, consultor\u00eda y divulgaci\u00f3n, fue Directora General de Societat Digital en la Generalitat Catalunya (2022- 2024). Participa habitualmente en medios de comunicaci\u00f3n y su primer ensayo es \u201cT\u00fa no eres tu selfie\u201d (2020).<\/p>\n<p>.<\/p>\n<p>[\/et_pb_text][\/et_pb_column][\/et_pb_row][\/et_pb_section][et_pb_section fb_built=\u00bb1&#8243; theme_builder_area=\u00bbpost_content\u00bb _builder_version=\u00bb4.27.6&#8243; _module_preset=\u00bbdefault\u00bb custom_padding=\u00bb0px|||||\u00bb da_is_popup=\u00bboff\u00bb da_exit_intent=\u00bboff\u00bb da_has_close=\u00bbon\u00bb da_alt_close=\u00bboff\u00bb da_dark_close=\u00bboff\u00bb da_not_modal=\u00bbon\u00bb da_is_singular=\u00bboff\u00bb da_with_loader=\u00bboff\u00bb da_has_shadow=\u00bbon\u00bb da_disable_devices=\u00bboff|off|off\u00bb][et_pb_row _builder_version=\u00bb4.27.6&#8243; _module_preset=\u00bbdefault\u00bb theme_builder_area=\u00bbpost_content\u00bb][et_pb_column _builder_version=\u00bb4.27.6&#8243; _module_preset=\u00bbdefault\u00bb type=\u00bb4_4&#8243; theme_builder_area=\u00bbpost_content\u00bb][et_pb_text _builder_version=\u00bb4.27.6&#8243; _module_preset=\u00bbdefault\u00bb theme_builder_area=\u00bbpost_content\u00bb hover_enabled=\u00bb0&#8243; sticky_enabled=\u00bb0&#8243;]<\/p>\n<p class=\"p1\">Las narrativas de la Inteligencia Artificial (IA) a menudo se alinean con la optimizaci\u00f3n, la eficiencia o la reducci\u00f3n de costes. La l\u00f3gica productiva encaja con la IA como herramienta de mejora de la gesti\u00f3n administrativa. Hace falta un marco completamente distinto si hablamos de educaci\u00f3n, de acompa\u00f1ar procesos de aprendizaje y crecimiento.<\/p>\n<p class=\"p1\">El \u00e1mbito de la personalizaci\u00f3n es claramente una frontera alentadora, pero para una disrupci\u00f3n emp\u00e1tica, necesitamos un encuadre desde la l\u00f3gica emocional y la generaci\u00f3n de v\u00ednculos. Vamos a tomar este art\u00edculo como un espacio de imaginaci\u00f3n tecnooptimista, una invitaci\u00f3n a pensar c\u00f3mo el uso proporcionado y con prop\u00f3sito de la IA en educaci\u00f3n nos permitir\u00eda un salto cualitativo en la revoluci\u00f3n de la empat\u00eda. Exploremos los componentes de la empat\u00eda y veamos cu\u00e1les requieren humanidad y cu\u00e1les podemos aumentar y disrumpir gracias a la Inteligencia Artificial. Todo ello se traduce en hacernos nuevas preguntas, o incluso imaginarnos robots equipados de Empat\u00eda Artificial (EA). Para muestra, dos botones: \u00bfQu\u00e9 papel puede jugar la IA para el fomento de la empat\u00eda entre docentes y alumnado? Sabemos tambi\u00e9n que la IA actualmente es sesgada, \u00bfpodemos poner la imperfecci\u00f3n al servicio de la capacidad de cuestionar y de la puesta en pr\u00e1ctica del pensamiento cr\u00edtico?<\/p>\n<p>[\/et_pb_text][\/et_pb_column][\/et_pb_row][\/et_pb_section][et_pb_section fb_built=\u00bb1&#8243; theme_builder_area=\u00bbpost_content\u00bb _builder_version=\u00bb4.27.6&#8243; _module_preset=\u00bbdefault\u00bb da_is_popup=\u00bboff\u00bb da_exit_intent=\u00bboff\u00bb da_has_close=\u00bbon\u00bb da_alt_close=\u00bboff\u00bb da_dark_close=\u00bboff\u00bb da_not_modal=\u00bbon\u00bb da_is_singular=\u00bboff\u00bb da_with_loader=\u00bboff\u00bb da_has_shadow=\u00bbon\u00bb da_disable_devices=\u00bboff|off|off\u00bb][et_pb_row _builder_version=\u00bb4.27.6&#8243; _module_preset=\u00bbdefault\u00bb column_structure=\u00bb1_2,1_2&#8243; theme_builder_area=\u00bbpost_content\u00bb hover_enabled=\u00bb0&#8243; sticky_enabled=\u00bb0&#8243;][et_pb_column _builder_version=\u00bb4.27.6&#8243; _module_preset=\u00bbdefault\u00bb type=\u00bb1_2&#8243; theme_builder_area=\u00bbpost_content\u00bb][et_pb_text _builder_version=\u00bb4.27.5&#8243; _module_preset=\u00bbdefault\u00bb link_option_url=\u00bbhttps:\/\/ciberespiral.org\/download\/19798\/?tmstv=1729177776&#8243; locked=\u00bboff\u00bb global_colors_info=\u00bb{}\u00bb theme_builder_area=\u00bbpost_content\u00bb]<\/p>\n<h3 style=\"text-align: left;\">Haga clic en el bot\u00f3n para descargar el libro \u00ab<b>Inteligencias conectadas: c\u00f3mo la IA est\u00e1 redefiniendo el Aprendizaje Personalizado\u00bb<\/b><\/h3>\n<p>[\/et_pb_text][\/et_pb_column][et_pb_column _builder_version=\u00bb4.27.6&#8243; _module_preset=\u00bbdefault\u00bb type=\u00bb1_2&#8243; theme_builder_area=\u00bbpost_content\u00bb][et_pb_button button_url=\u00bbhttps:\/\/ciberespiral.org\/es\/download\/21341\/?tmstv=1769269454&#8243; url_new_window=\u00bbon\u00bb button_text=\u00bbDescargar PDF \u00bb _builder_version=\u00bb4.27.5&#8243; _module_preset=\u00bbdefault\u00bb locked=\u00bboff\u00bb global_colors_info=\u00bb{}\u00bb theme_builder_area=\u00bbpost_content\u00bb][\/et_pb_button][\/et_pb_column][\/et_pb_row][\/et_pb_section]<\/p>\n","protected":false},"excerpt":{"rendered":"<p>Autora Liliana Arroyo Moliner Dra. en Sociolog\u00eda. Especialista en innovaci\u00f3n social digital, docente e investigadora en ESADE. Adem\u00e1s de su experiencia en docencia, consultor\u00eda y divulgaci\u00f3n, fue Directora General de Societat Digital en la Generalitat Catalunya (2022- 2024). Participa habitualmente en medios de comunicaci\u00f3n y su primer ensayo es \u201cT\u00fa no eres tu selfie\u201d (2020). [&hellip;]<\/p>\n","protected":false},"author":10,"featured_media":22892,"comment_status":"open","ping_status":"open","sticky":false,"template":"","format":"standard","meta":{"_acf_changed":false,"_et_pb_use_builder":"on","_et_pb_old_content":"","_et_gb_content_width":"","footnotes":""},"categories":[8,682],"tags":[344,693,254,235,256],"class_list":["post-22883","post","type-post","status-publish","format-standard","has-post-thumbnail","hentry","category-odite","category-sin-categorizar","tag-educacion","tag-ia-es-2","tag-innovacion","tag-odite","tag-tendencias-educativas"],"acf":[],"_links":{"self":[{"href":"https:\/\/ciberespiral.org\/es\/wp-json\/wp\/v2\/posts\/22883","targetHints":{"allow":["GET"]}}],"collection":[{"href":"https:\/\/ciberespiral.org\/es\/wp-json\/wp\/v2\/posts"}],"about":[{"href":"https:\/\/ciberespiral.org\/es\/wp-json\/wp\/v2\/types\/post"}],"author":[{"embeddable":true,"href":"https:\/\/ciberespiral.org\/es\/wp-json\/wp\/v2\/users\/10"}],"replies":[{"embeddable":true,"href":"https:\/\/ciberespiral.org\/es\/wp-json\/wp\/v2\/comments?post=22883"}],"version-history":[{"count":5,"href":"https:\/\/ciberespiral.org\/es\/wp-json\/wp\/v2\/posts\/22883\/revisions"}],"predecessor-version":[{"id":22894,"href":"https:\/\/ciberespiral.org\/es\/wp-json\/wp\/v2\/posts\/22883\/revisions\/22894"}],"wp:featuredmedia":[{"embeddable":true,"href":"https:\/\/ciberespiral.org\/es\/wp-json\/wp\/v2\/media\/22892"}],"wp:attachment":[{"href":"https:\/\/ciberespiral.org\/es\/wp-json\/wp\/v2\/media?parent=22883"}],"wp:term":[{"taxonomy":"category","embeddable":true,"href":"https:\/\/ciberespiral.org\/es\/wp-json\/wp\/v2\/categories?post=22883"},{"taxonomy":"post_tag","embeddable":true,"href":"https:\/\/ciberespiral.org\/es\/wp-json\/wp\/v2\/tags?post=22883"}],"curies":[{"name":"wp","href":"https:\/\/api.w.org\/{rel}","templated":true}]}}