{"id":22544,"date":"2025-12-11T09:00:00","date_gmt":"2025-12-11T07:00:00","guid":{"rendered":"https:\/\/ciberespiral.org\/?p=22544"},"modified":"2025-12-09T23:52:56","modified_gmt":"2025-12-09T21:52:56","slug":"de-la-politica-a-la-practica-como-key2enable-esta-impulsando-la-educacion-inclusiva-en-cataluna","status":"publish","type":"post","link":"https:\/\/ciberespiral.org\/es\/de-la-politica-a-la-practica-como-key2enable-esta-impulsando-la-educacion-inclusiva-en-cataluna\/","title":{"rendered":"De la pol\u00edtica a la pr\u00e1ctica: C\u00f3mo Key2enable est\u00e1 impulsando la educaci\u00f3n inclusiva en Catalu\u00f1a"},"content":{"rendered":"<p>[et_pb_section fb_built=\u00bb1&#8243; theme_builder_area=\u00bbpost_content\u00bb _builder_version=\u00bb4.27.5&#8243; _module_preset=\u00bbdefault\u00bb custom_padding=\u00bb||0px|||\u00bb da_is_popup=\u00bboff\u00bb da_exit_intent=\u00bboff\u00bb da_has_close=\u00bbon\u00bb da_alt_close=\u00bboff\u00bb da_dark_close=\u00bboff\u00bb da_not_modal=\u00bbon\u00bb da_is_singular=\u00bboff\u00bb da_with_loader=\u00bboff\u00bb da_has_shadow=\u00bbon\u00bb da_disable_devices=\u00bboff|off|off\u00bb][et_pb_row _builder_version=\u00bb4.27.5&#8243; _module_preset=\u00bbdefault\u00bb theme_builder_area=\u00bbpost_content\u00bb][et_pb_column _builder_version=\u00bb4.27.5&#8243; _module_preset=\u00bbdefault\u00bb type=\u00bb4_4&#8243; theme_builder_area=\u00bbpost_content\u00bb][et_pb_text _builder_version=\u00bb4.27.5&#8243; _module_preset=\u00bbdefault\u00bb theme_builder_area=\u00bbpost_content\u00bb hover_enabled=\u00bb0&#8243; sticky_enabled=\u00bb0&#8243;]<\/p>\n<p><strong>Autoras<\/strong><\/p>\n<p><strong>Karla Galv\u00e3o<\/strong> es cofundadora y directora de <em>marketing<\/em> (CMO) de <strong>Key2enable Assistive Technology<\/strong>. Lidera varios de los proyectos internacionales de la empresa, incluida su expansi\u00f3n a trav\u00e9s de diferentes pa\u00edses y el equipo de <em>marketing<\/em> de Key2enable.<\/p>\n<p><strong>Jana Moral <\/strong>act\u00faa como enlace de Key2enable en el sector educativo espa\u00f1ol, adaptando la soluci\u00f3n al contexto local y la cultura educativa del pa\u00eds.<\/p>\n<p>[\/et_pb_text][\/et_pb_column][\/et_pb_row][\/et_pb_section][et_pb_section fb_built=\u00bb1&#8243; theme_builder_area=\u00bbpost_content\u00bb _builder_version=\u00bb4.27.5&#8243; _module_preset=\u00bbdefault\u00bb custom_padding=\u00bb0px||0px|||\u00bb da_is_popup=\u00bboff\u00bb da_exit_intent=\u00bboff\u00bb da_has_close=\u00bbon\u00bb da_alt_close=\u00bboff\u00bb da_dark_close=\u00bboff\u00bb da_not_modal=\u00bbon\u00bb da_is_singular=\u00bboff\u00bb da_with_loader=\u00bboff\u00bb da_has_shadow=\u00bbon\u00bb da_disable_devices=\u00bboff|off|off\u00bb][et_pb_row _builder_version=\u00bb4.27.5&#8243; _module_preset=\u00bbdefault\u00bb theme_builder_area=\u00bbpost_content\u00bb][et_pb_column _builder_version=\u00bb4.27.5&#8243; _module_preset=\u00bbdefault\u00bb type=\u00bb4_4&#8243; theme_builder_area=\u00bbpost_content\u00bb][et_pb_text _builder_version=\u00bb4.27.5&#8243; _module_preset=\u00bbdefault\u00bb theme_builder_area=\u00bbpost_content\u00bb hover_enabled=\u00bb0&#8243; sticky_enabled=\u00bb0&#8243;]<\/p>\n<p><strong>Extracto<br \/><\/strong>La visi\u00f3n de Catalu\u00f1a sobre la educaci\u00f3n inclusiva se est\u00e1 materializando en aulas reales. A trav\u00e9s de los <strong>Literacy Labs<\/strong> (Laboratorios de Alfabetizaci\u00f3n) \u2014una innovaci\u00f3n pilotada con mSchools y Mobile World Capital Barcelona\u2014, <strong>Key2enable<\/strong> fusiona tecnolog\u00eda asistiva, metodolog\u00eda pedag\u00f3gica y datos para empoderar a cada estudiante.<\/p>\n<p><strong>Avance<\/strong><br \/>La educaci\u00f3n inclusiva en Catalu\u00f1a est\u00e1 fuertemente enraizada en las pol\u00edticas p\u00fablicas, que persiguen desde hace tiempo un prop\u00f3sito claro. Hoy, esos principios se est\u00e1n convirtiendo en pr\u00e1ctica cotidiana gracias a un proyecto pionero que une tecnolog\u00eda accesible, formaci\u00f3n docente y aprendizaje basado en la evidencia, transformando el compromiso en resultados medibles.<\/p>\n<p><strong>Introducci\u00f3n<\/strong><\/p>\n<p>Catalu\u00f1a ha articulado durante mucho tiempo un sistema educativo donde cada estudiante pertenece y aprende en conjunto. Esa promesa est\u00e1 pasando ahora de la pol\u00edtica a la pr\u00e1ctica a trav\u00e9s de una colaboraci\u00f3n <em>in situ<\/em> que combina innovaci\u00f3n, inclusi\u00f3n y tecnolog\u00eda de apoyo. <strong>Key2enable<\/strong> \u2014una empresa de tecnolog\u00eda asistiva reconocida por m\u00e1s de 40 premios internacionales\u2014 gan\u00f3 el <strong>mSchools Lab Challenge 2025,<\/strong> respaldado por Mobile World Capital Barcelona, para lanzar su concepto de <strong>Literacy Lab <\/strong>en cuatro centros p\u00fablicos catalanes como parte de un piloto inicial.<\/p>\n<p>El piloto da vida a los marcos pol\u00edticos inclusivos de Catalu\u00f1a \u2014la <strong>Llei 12\/2009 (LEC) <\/strong>y el <strong>Decret 150\/2017<\/strong>\u2014, que afirman la equidad, la personalizaci\u00f3n y la inclusi\u00f3n sist\u00e9mica, exigiendo a los centros educativos que adapten metodolog\u00edas, recursos y entornos a las diversas necesidades. El Literacy Lab es un veh\u00edculo pr\u00e1ctico para el cumplimiento de ese mandato, traduciendo la visi\u00f3n en rutinas, herramientas y resultados que son relevantes para los estudiantes, los docentes y las familias.<\/p>\n<p><strong>El Literacy Lab: qu\u00e9 es y por qu\u00e9 es importante<br \/><\/strong>En esencia, el Literacy Lab es un <strong>entorno de aprendizaje hol\u00edstico<\/strong> dise\u00f1ado para empoderar a los estudiantes con diversidad funcional a trav\u00e9s de tecnolog\u00eda accesible y pedagog\u00eda inclusiva. Cada Laboratorio integra <strong>Expressia<\/strong> (una plataforma de aprendizaje web adaptativa) y <strong>Key-X<\/strong> (un teclado alternativo que facilita el acceso a estudiantes con dificultades motoras y f\u00edsicas) para fomentar el aprendizaje independiente, la participaci\u00f3n en el aula y el desarrollo de habilidades en aquellos alumnos que a menudo encuentran barreras en entornos ordinarios.<\/p>\n<p>A nivel pedag\u00f3gico, el Laboratorio se fundamenta en marcos bien establecidos y basados en la evidencia: el Dise\u00f1o Universal para el Aprendizaje (DUA), los Principios de Educaci\u00f3n Inclusiva de la UNESCO y CASEL para el aprendizaje socioemocional. En conjunto, estos marcos aseguran que cada estudiante \u2014independientemente de su perfil cognitivo, f\u00edsico o sensorial\u2014 pueda acceder, participar y expresar el conocimiento de manera significativa. La metodolog\u00eda combina tecnolog\u00eda adaptativa, aprendizaje personalizado y ense\u00f1anza centrada en el ser humano para fortalecer el crecimiento acad\u00e9mico, la autonom\u00eda y la inclusi\u00f3n social.<\/p>\n<p>Cada sesi\u00f3n de 45 minutos combina itinerarios personalizados en alfabetizaci\u00f3n y c\u00e1lculo, narraci\u00f3n gamificada, desarrollo socioemocional estructurado y acceso total a dispositivos de apoyo como Key-X (y otros dispositivos como el sensor de cabeza\/ocular Colibr\u00ed si las dificultades de los alumnos son m\u00e1s severas). Los paneles de control integrados en la plataforma siguen el progreso en tiempo real, permitiendo intervenciones oportunas y la mejora continuada. El resultado no es una intervenci\u00f3n puntual, sino un ecosistema vivo que conecta aulas, hogares y comunidades.<\/p>\n<p><strong>De la visi\u00f3n a la realidad de las aulas catalanas<br \/><\/strong>El piloto de Catalu\u00f1a est\u00e1 concebido como un ejemplo vivo de c\u00f3mo la pol\u00edtica puede convertirse en pr\u00e1ctica, de c\u00f3mo los ideales pueden aterrizarse en medidas concretas y funcionales. Al alinear las rutinas y los recursos del Laboratorio con la Llei 12\/2009 y el Decret 150\/2017, los centros participantes operan la inclusi\u00f3n sist\u00e9mica: la agrupaci\u00f3n flexible, las tareas diferenciadas, la instrucci\u00f3n basada en datos y los apoyos de acceso universal se integran en los horarios semanales, en los ritmos estudiantiles y en el flujo de trabajo del profesorado.<\/p>\n<p>La colaboraci\u00f3n con mSchools y Mobile World Capital Barcelona proporciona un motor de innovaci\u00f3n y una plataforma de visibilidad, ayudando al piloto a conectar las prioridades locales con las mejores pr\u00e1cticas globales en tecnolog\u00eda educativa inclusiva. Al finalizar esta fase inicial, el proyecto tiene como objetivo documentar un modelo replicable que otros centros catalanes puedan adoptar con el apoyo de formaci\u00f3n docente y adaptaciones ligeras de espacio.<\/p>\n<p><strong>El reto al que damos respuesta<br \/><\/strong>A pesar de d\u00e9cadas de progreso, los estudiantes con diversidad funcional contin\u00faan enfrent\u00e1ndose a barreras sist\u00e9micas en la educaci\u00f3n primaria y secundaria: principalmente la inaccesibilidad del curr\u00edculo, las tecnolog\u00edas adaptativas limitadas y el apoyo pedag\u00f3gico desigual. Las aulas convencionales a menudo no pueden flexibilizarse ante distintas necesidades motoras, cognitivas o de aprendizaje, lo que conduce a la desconexi\u00f3n, un bajo nivel de desarrollo competencial (especialmente en lengua y matem\u00e1ticas) y el aislamiento social. Familias y educadores a menudo se quedan sin v\u00edas probadas para una inclusi\u00f3n significativa.<\/p>\n<p>El Laboratorio de Alfabetizaci\u00f3n responde a este desaf\u00edo al ofrecer un entorno estructurado pero flexible, donde el desarrollo acad\u00e9mico y socioemocional avanzan de la mano. El profesorado obtiene herramientas pr\u00e1cticas e informaci\u00f3n en tiempo real para personalizar el apoyo; los estudiantes experimentan seguridad, estructura y un camino claro para participar, tener \u00e9xito y lograr ser m\u00e1s independientes.<\/p>\n<p>[\/et_pb_text][et_pb_image src=\u00bbhttps:\/\/ciberespiral.org\/wp-content\/uploads\/2025\/12\/Imagen-2-jpg.jpg\u00bb _builder_version=\u00bb4.27.5&#8243; _module_preset=\u00bbdefault\u00bb theme_builder_area=\u00bbpost_content\u00bb title_text=\u00bbImagen 2 jpg\u00bb hover_enabled=\u00bb0&#8243; sticky_enabled=\u00bb0&#8243;][\/et_pb_image][\/et_pb_column][\/et_pb_row][et_pb_row _builder_version=\u00bb4.27.5&#8243; _module_preset=\u00bbdefault\u00bb theme_builder_area=\u00bbpost_content\u00bb][et_pb_column _builder_version=\u00bb4.27.5&#8243; _module_preset=\u00bbdefault\u00bb type=\u00bb4_4&#8243; theme_builder_area=\u00bbpost_content\u00bb][et_pb_text _builder_version=\u00bb4.27.5&#8243; _module_preset=\u00bbdefault\u00bb theme_builder_area=\u00bbpost_content\u00bb hover_enabled=\u00bb0&#8243; sticky_enabled=\u00bb0&#8243;]<\/p>\n<p>(Figura 2<em> \u2013 Fuente: Key2enable. Alumnos usando los dispositivos en una escuela de EAU)<\/em><\/p>\n<p>[\/et_pb_text][\/et_pb_column][\/et_pb_row][et_pb_row _builder_version=\u00bb4.27.5&#8243; _module_preset=\u00bbdefault\u00bb theme_builder_area=\u00bbpost_content\u00bb][et_pb_column _builder_version=\u00bb4.27.5&#8243; _module_preset=\u00bbdefault\u00bb type=\u00bb4_4&#8243; theme_builder_area=\u00bbpost_content\u00bb][et_pb_text _builder_version=\u00bb4.27.5&#8243; _module_preset=\u00bbdefault\u00bb theme_builder_area=\u00bbpost_content\u00bb hover_enabled=\u00bb0&#8243; sticky_enabled=\u00bb0&#8243;]<\/p>\n<p><strong>Un enfoque pedag\u00f3gico inclusivo<br \/><\/strong>En el Laboratorio de Alfabetizaci\u00f3n, la pedagog\u00eda inclusiva y la tecnolog\u00eda de apoyo se fusionan en cinco rutinas complementarias que transforman el acceso en progreso medible:<\/p>\n<ul>\n<li><strong>Itinerarios Personalizados:<\/strong> Gu\u00edan a cada estudiante a trav\u00e9s de los objetivos de alfabetizaci\u00f3n y c\u00e1lculo al ritmo adecuado, utilizando las secuencias adaptativas de Expressia junto con actividades seleccionadas por el docente que se alinean con las prioridades del aula.<\/li>\n<li><strong>Aprendizaje gamificado y basado en la narrativa:<\/strong> Para mantener la atenci\u00f3n y afianzar los conocimientos, en cada sesi\u00f3n se incluyen historias y desaf\u00edos l\u00fadicos, ayudando a los estudiantes a transferir habilidades a distintos contextos.<\/li>\n<li><strong>Desarrollo socioemocional estructurado:<\/strong> Dado que el sentido de pertenencia es tan importante como el c\u00e1lculo, el desarrollo socioemocional se integra intencionalmente. La inclusi\u00f3n de rutinas para fortalecer la empat\u00eda, la resiliencia, el respeto y la colaboraci\u00f3n \u2014alineadas con CASEL\u2014 permite estructurar c\u00f3mo los estudiantes reflexionan e interact\u00faan entre ellos.<\/li>\n<li><strong>Participaci\u00f3n accesible:<\/strong> Para una verdadera inclusi\u00f3n es esencial asegurar el acceso a los contenidos a todos los estudiantes. El uso de distintos dispositivos permite que ning\u00fan alumno sea un mero espectador: el teclado alternativo Key-X \u2014y, cuando corresponde, el sensor Colibr\u00ed\u2014 eliminan las barreras motoras y f\u00edsicas para que los estudiantes puedan escribir, seleccionar y navegar en los contenidos de forma independiente, fortaleciendo su autonom\u00eda.<\/li>\n<li>Datos y paneles de control <em>(dashboards):<\/em> Proporcionan informaci\u00f3n de valor al profesorado. La obtenci\u00f3n de informaci\u00f3n objetiva y en tiempo real del <em>moodboard<\/em> y de las anal\u00edticas de progreso reducen la carga de trabajo del profesorado y permiten se\u00f1alar intervenciones oportunas (cambios en el grupo, ajustes de contenido o cambios de enfoque en los itinerarios personalizados), a la vez que generan la evidencia estandarizada que los centros necesitan para medir el progreso de los alumnos y replicar el modelo con confianza.<\/li>\n<\/ul>\n<p><strong>Plan de implementaci\u00f3n (Desarrollo docente, espacio y rutinas)<\/strong><\/p>\n<p>El piloto sigue un plan de implementaci\u00f3n en cuatro fases:<\/p>\n<ol>\n<li><strong>Formaci\u00f3n del profesorado y preparaci\u00f3n del espacio:<\/strong> Los educadores reciben formaci\u00f3n para su desarrollo profesional en pedagog\u00eda inclusiva, instrucci\u00f3n multisensorial y aprendizaje mediado por pares. La formaci\u00f3n abarca el uso de Expressia y de Key-X, y la pr\u00e1ctica de estrategias que fortalecen la comunicaci\u00f3n entre estudiantes con y sin diversidad funcional. Cada Literacy Lab presenta dos zonas: un \u00e1rea colaborativa (con pantalla interactiva) y estaciones de aprendizaje individualizadas (ordenadores o <em>tablets<\/em>) para la pr\u00e1ctica dirigida.<\/li>\n<li><strong>Sesiones iniciales con evaluaci\u00f3n previa y establecimiento de objetivos:<\/strong> Las primeras sesiones se centran en las rutinas, las evaluaciones basadas en la observaci\u00f3n y el establecimiento de objetivos acad\u00e9micos y socioemocionales (p. ej., comunicaci\u00f3n, respeto de turnos, cooperaci\u00f3n).<\/li>\n<li><strong>Realizaci\u00f3n de sesiones regulares con agrupaci\u00f3n inclusiva y apoyo adaptativo:<\/strong> Recomendadas dos veces por semana, cada sesi\u00f3n combina la narraci\u00f3n, las tareas en grupo y las actividades digitales individuales adaptadas a las necesidades espec\u00edficas de cada alumno. Los roles rotan para que todos los estudiantes act\u00faen como oradores, ayudantes y oyentes activos. El profesorado monitoriza la participaci\u00f3n continuamente y ajusta los apoyos bas\u00e1ndose en la implicaci\u00f3n y el progreso; las tecnolog\u00edas de apoyo y las se\u00f1ales visuales aseguran que todos puedan acceder al mismo aprendizaje.<\/li>\n<li><strong>Evaluaci\u00f3n final <em>(Endline),<\/em> reflexi\u00f3n docente y recomendaciones de escalabilidad:<\/strong> Los docentes sintetizan los resultados acad\u00e9micos y sociales, documentan las pr\u00e1cticas inclusivas que funcionaron y elaboran un plan para la replicaci\u00f3n y la sostenibilidad en el centro.<\/li>\n<\/ol>\n<p>El Literacy Lab tiene como objetivo mejorar la lectoescritura, el c\u00e1lculo y la alfabetizaci\u00f3n aritm\u00e9tica, y las habilidades sociales y emocionales a trav\u00e9s de actividades l\u00fadicas y accesibles. El enfoque es estructurado para guiar la pr\u00e1ctica, pero lo suficientemente flexible para permitir que el profesorado integre su propio contenido y cultura de aula. La documentaci\u00f3n mensual del progreso apoya la reflexi\u00f3n basada en la evidencia.<\/p>\n<p><strong>Lo que sucede en una sesi\u00f3n<br \/><\/strong>Una session tipo de 45 minutos comienza con un calentamiento socioemocional y un anclaje narrativo compartido, seguido de tareas por niveles en Expressia y trabajo en grupos peque\u00f1os donde los estudiantes practican decodificaci\u00f3n, vocabulario, conciencia fonol\u00f3gica, c\u00e1lculo o resoluci\u00f3n de problemas. Los estudiantes que requieren apoyo motor utilizan Key-X para introducir texto, seleccionar respuestas o controlar actividades con fluidez. Los docentes consultan los paneles de participaci\u00f3n para ver qui\u00e9n est\u00e1 progresando y qui\u00e9n necesita un empuj\u00f3n o m\u00e1s apoyo. La sesi\u00f3n concluye con una reflexi\u00f3n: qu\u00e9 hemos hecho, c\u00f3mo nos hemos sentido y hacia d\u00f3nde nos dirigimos.<\/p>\n<p>Esta rutina, estructurada y conocida, permite reducir la ansiedad y que los alumnos se sientan c\u00f3modos, pero, a la vez, es lo suficientemente flexible para atender los diversos perfiles. Normaliza la diferencia como diversidad y posiciona a los pares como colaboradores: todos tienen un rol, una voz y un camino a seguir.<\/p>\n<p>[\/et_pb_text][et_pb_image src=\u00bbhttps:\/\/ciberespiral.org\/wp-content\/uploads\/2025\/12\/Imagen-3.jpg\u00bb _builder_version=\u00bb4.27.5&#8243; _module_preset=\u00bbdefault\u00bb theme_builder_area=\u00bbpost_content\u00bb title_text=\u00bbImagen 3&#8243; hover_enabled=\u00bb0&#8243; sticky_enabled=\u00bb0&#8243;][\/et_pb_image][\/et_pb_column][\/et_pb_row][et_pb_row _builder_version=\u00bb4.27.5&#8243; _module_preset=\u00bbdefault\u00bb theme_builder_area=\u00bbpost_content\u00bb][et_pb_column _builder_version=\u00bb4.27.5&#8243; _module_preset=\u00bbdefault\u00bb type=\u00bb4_4&#8243; theme_builder_area=\u00bbpost_content\u00bb][et_pb_text _builder_version=\u00bb4.27.5&#8243; _module_preset=\u00bbdefault\u00bb theme_builder_area=\u00bbpost_content\u00bb hover_enabled=\u00bb0&#8243; sticky_enabled=\u00bb0&#8243; custom_padding=\u00bb0px|||||\u00bb]<\/p>\n<p>(Figura 3<em> \u2013 Fuente: Key2enable. Alumnos en una escuela en Brasil)<\/em><\/p>\n<p><strong>Construyendo el ecosistema alrededor del Lab<\/strong><\/p>\n<p>El impacto del Literacy Lab se extiende m\u00e1s all\u00e1 de la propia sala. El desarrollo docente alinea el aprendizaje personalizado con los objetivos curriculares; los d\u00edas de participaci\u00f3n familiar permiten que las estrategias entren en el hogar, y los programas de voluntariado modelan la solidaridad y el apoyo rec\u00edproco entre pares. En algunas regiones, el ecosistema tambi\u00e9n incluye oportunidades vocacionales, como el ensamblaje de dispositivos Key-X por parte de personas con diversidad funcional cognitiva, fomentando la dignidad, el trabajo decente y la inclusi\u00f3n sist\u00e9mica.<\/p>\n<p>En otras palabras, el Literacy Lab no es un rinc\u00f3n de gadgets: es un <strong>eje comunitario donde los estudiantes se definen por sus logros, en lugar de sus limitaciones;<\/strong> las familias se unen al proceso de aprendizaje y los educadores se erigen como agentes del cambio.<\/p>\n<p><strong>Plan de evaluaci\u00f3n (c\u00f3mo medimos lo que importa)<br \/><\/strong>La evaluaci\u00f3n es continua, flexible y medida en indicadores cualitativos y cuantitativos:<\/p>\n<ul>\n<li><strong>Desarrollo de habilidades:<\/strong> Alfabetizaci\u00f3n temprana, c\u00e1lculo, comunicaci\u00f3n, interacci\u00f3n, trabajo en equipo y expresi\u00f3n emocional, monitorizadas a trav\u00e9s de actividades de en el Literacy Lab y observaciones del educador.<\/li>\n<li><strong>Participaci\u00f3n <em>(Engagement):<\/em><\/strong> Implicaci\u00f3n activa durante las sesiones multisensoriales basadas en narrativas e interacci\u00f3n con herramientas inclusivas.<\/li>\n<li><strong>Calidad de la asistencia:<\/strong> No solo \u00abqui\u00e9n asisti\u00f3\u00bb, sino cu\u00e1nto tiempo se mantuvo involucrado de manera significativa.<\/li>\n<li><strong>Implicaci\u00f3n parental:<\/strong> Participaci\u00f3n en actividades en casa y <em>feedback.<\/em><\/li>\n<li><strong>Implementaci\u00f3n educativa:<\/strong> Uso de m\u00e9todos inclusivos y tecnolog\u00edas de apoyo, capturado en los diarios de reflexi\u00f3n.<\/li>\n<li><strong>Progreso conductual:<\/strong> Un sistema de fichas simb\u00f3licas recompensa la cooperaci\u00f3n, la concentraci\u00f3n, la empat\u00eda y la autorregulaci\u00f3n. Las fichas pueden canjearse en una \u00abtienda\u00bb simulada para practicar el ahorro, la elaboraci\u00f3n de presupuestos y la toma de decisiones.<\/li>\n<li><strong>Autorreflexi\u00f3n y defensa propia <em>(Advocacy)<\/em> (opcional):<\/strong> Un diario del estudiante apoya la alfabetizaci\u00f3n emocional y la autoexpresi\u00f3n, al tiempo que ofrece a los docentes informaci\u00f3n para una asistencia a medida.<\/li>\n<\/ul>\n<p>Las fuentes de datos incluyen listas de verificaci\u00f3n de observaci\u00f3n, evaluaciones informales, registros de asistencia, seguimiento del tiempo dedicado a la actividad <em>(time-on-task)<\/em> y reflexiones del profesorado, resumidas en paneles visuales. Los hallazgos se revisan a mitad y al final del piloto para sugerir mejoras y documentar pr\u00e1cticas listas para escalar.<\/p>\n<p><strong>Por qu\u00e9 los datos importan (y c\u00f3mo los usamos)<br \/><\/strong>Las anal\u00edticas del Literacy Lab reducen la carga de trabajo que supone la elaboraci\u00f3n de informes manuales y ofrecen datos procesables al profesorado. El progreso en tiempo real y las vistas tipo <em>moodboard<\/em> permiten microintervenciones oportunas \u2014cambiar un grupo, a\u00f1adir apoyos o ajustar el contenido\u2014. A nivel de sistema, los informes estandarizados proporcionan un plan de replicaci\u00f3n para otros centros: qu\u00e9 recursos son esenciales, c\u00f3mo programar las sesiones, qu\u00e9 rutinas mantienen la participaci\u00f3n y c\u00f3mo monitorizar los resultados sin abrumar al personal.<\/p>\n<p><strong>Alineaci\u00f3n con los Objetivos de Desarrollo Sostenible (ODS) de las Naciones Unidas<\/strong><\/p>\n<p>La conceptualizaci\u00f3n del Literacy Lab y el desarrollo de las pr\u00e1cticas propuestas se alinean con los siguientes Objetivos de Desarrollo Sostenible (ODS) planteados por las Naciones Unidas:<\/p>\n<ul>\n<li><strong>ODS 4 \u2013 Educaci\u00f3n de calidad:<\/strong> Itinerarios inclusivos que dan a los estudiantes con diversidad funcional acceso equitativo al curr\u00edculo, respaldados por anal\u00edticas de ense\u00f1anza en tiempo real y la construcci\u00f3n de puentes entre el hogar y el centro.<\/li>\n<li><strong>ODS 8 \u2013 Trabajo decente y crecimiento econ\u00f3mico:<\/strong> Las v\u00edas vocacionales y el empleo digno en el ensamblaje de tecnolog\u00eda de apoyo demuestran el valor econ\u00f3mico de la inclusi\u00f3n.<\/li>\n<li><strong>ODS 10 \u2013 Reducci\u00f3n de las desigualdades:<\/strong> Los dispositivos de apoyo y las rutinas mediadas por pares eliminan las barreras de participaci\u00f3n y fomentan la solidaridad.<\/li>\n<li><strong>ODS 17 \u2013 Alianzas para lograr los objetivos:<\/strong> El modelo prospera a trav\u00e9s de la colaboraci\u00f3n intersectorial: administraciones p\u00fablicas, fundaciones, ONG, universidades y <em>hubs<\/em> de innovaci\u00f3n trabajando en concierto.<\/li>\n<\/ul>\n<p><strong>Se\u00f1ales tempranas y un camino hacia la escalabilidad<br \/><\/strong>Desde Brasil hasta los EAU \u2014y ahora expandi\u00e9ndose en Espa\u00f1a e India\u2014, el modelo del Literacy Lab ha demostrado una mayor participaci\u00f3n estudiantil, mejores fundamentos de alfabetizaci\u00f3n y una colaboraci\u00f3n m\u00e1s profunda en las comunidades escolares. El piloto de Catalu\u00f1a busca documentar y refinar el enfoque para que cualquier centro p\u00fablico pueda adoptarlo con una formaci\u00f3n y una configuraci\u00f3n manejables. La visi\u00f3n a largo plazo es establecer <em>estaciones de Lab<\/em> dentro de las aulas ordinarias, asegurando que el apoyo est\u00e9 presente donde ocurre el aprendizaje y que los docentes puedan orquestar la inclusi\u00f3n sin fricciones log\u00edsticas.<\/p>\n<p>Al integrar el Literacy Lab en las rutinas diarias, Catalu\u00f1a puede convertirse en un referente europeo para la integraci\u00f3n de la tecnolog\u00eda de apoyo y la pedagog\u00eda inclusiva en todo el sistema p\u00fablico, haciendo de la inclusi\u00f3n no solo una aspiraci\u00f3n, sino una realidad.<strong><\/strong><\/p>\n<p><strong> <\/strong><\/p>\n<p><strong>Conclusi\u00f3n <br \/><\/strong>El trabajo de Key2enable en Catalu\u00f1a demuestra que la inclusi\u00f3n es m\u00e1s que una pol\u00edtica: es <strong>una pr\u00e1ctica compartida arraigada en la tecnolog\u00eda, la empat\u00eda y la innovaci\u00f3n.<\/strong> El Laboratorio de Alfabetizaci\u00f3n transforma las aulas en espacios accesibles y generadores de datos donde cada estudiante puede pertenecer, participar y prosperar.<\/p>\n<p>Cada sesi\u00f3n combina aprendizaje personalizado, narraci\u00f3n gamificada y desarrollo socioemocional. Los docentes reciben formaci\u00f3n y pueden consultar los paneles de control en tiempo real para medir el impacto real de la inclusi\u00f3n. Los centros que cooperan con Key2enable reportan una mayor participaci\u00f3n, mejores resultados en alfabetizaci\u00f3n y desarrollo cognitivo, y una colaboraci\u00f3n m\u00e1s profunda y significativa entre comunidades.<\/p>\n<p>Esta iniciativa posiciona a Catalu\u00f1a como un punto de referencia para la integraci\u00f3n de la tecnolog\u00eda asistencial y la pedagog\u00eda inclusiva en los centros p\u00fablicos, donde la inclusi\u00f3n se convierte en la nueva normalidad.<\/p>\n<p>&nbsp;<\/p>\n<p>[\/et_pb_text][\/et_pb_column][\/et_pb_row][et_pb_row _builder_version=\u00bb4.27.5&#8243; _module_preset=\u00bbdefault\u00bb theme_builder_area=\u00bbpost_content\u00bb][et_pb_column _builder_version=\u00bb4.27.5&#8243; _module_preset=\u00bbdefault\u00bb type=\u00bb4_4&#8243; theme_builder_area=\u00bbpost_content\u00bb][et_pb_image src=\u00bbhttps:\/\/ciberespiral.org\/wp-content\/uploads\/2025\/12\/Imagen-4.jpg\u00bb _builder_version=\u00bb4.27.5&#8243; _module_preset=\u00bbdefault\u00bb theme_builder_area=\u00bbpost_content\u00bb title_text=\u00bbImagen 4&#8243; hover_enabled=\u00bb0&#8243; sticky_enabled=\u00bb0&#8243;][\/et_pb_image][\/et_pb_column][\/et_pb_row][et_pb_row _builder_version=\u00bb4.27.5&#8243; _module_preset=\u00bbdefault\u00bb theme_builder_area=\u00bbpost_content\u00bb][et_pb_column _builder_version=\u00bb4.27.5&#8243; _module_preset=\u00bbdefault\u00bb type=\u00bb4_4&#8243; theme_builder_area=\u00bbpost_content\u00bb][et_pb_text _builder_version=\u00bb4.27.5&#8243; _module_preset=\u00bbdefault\u00bb theme_builder_area=\u00bbpost_content\u00bb hover_enabled=\u00bb0&#8243; sticky_enabled=\u00bb0&#8243;]<\/p>\n<p>(Figura 4<em> \u2013 Fuente: Key2enable. Uso del producto en la escuela La Li\u00f3, Catalu\u00f1a)<\/em><\/p>\n<p>[\/et_pb_text][\/et_pb_column][\/et_pb_row][\/et_pb_section]<\/p>\n","protected":false},"excerpt":{"rendered":"<p>Autoras Karla Galv\u00e3o es cofundadora y directora de marketing (CMO) de Key2enable Assistive Technology. Lidera varios de los proyectos internacionales de la empresa, incluida su expansi\u00f3n a trav\u00e9s de diferentes pa\u00edses y el equipo de marketing de Key2enable. Jana Moral act\u00faa como enlace de Key2enable en el sector educativo espa\u00f1ol, adaptando la soluci\u00f3n al contexto [&hellip;]<\/p>\n","protected":false},"author":10,"featured_media":22545,"comment_status":"open","ping_status":"open","sticky":false,"template":"","format":"standard","meta":{"_acf_changed":false,"_et_pb_use_builder":"on","_et_pb_old_content":"","_et_gb_content_width":"","footnotes":""},"categories":[8],"tags":[344,235,256],"class_list":["post-22544","post","type-post","status-publish","format-standard","has-post-thumbnail","hentry","category-odite","tag-educacion","tag-odite","tag-tendencias-educativas"],"acf":[],"_links":{"self":[{"href":"https:\/\/ciberespiral.org\/es\/wp-json\/wp\/v2\/posts\/22544","targetHints":{"allow":["GET"]}}],"collection":[{"href":"https:\/\/ciberespiral.org\/es\/wp-json\/wp\/v2\/posts"}],"about":[{"href":"https:\/\/ciberespiral.org\/es\/wp-json\/wp\/v2\/types\/post"}],"author":[{"embeddable":true,"href":"https:\/\/ciberespiral.org\/es\/wp-json\/wp\/v2\/users\/10"}],"replies":[{"embeddable":true,"href":"https:\/\/ciberespiral.org\/es\/wp-json\/wp\/v2\/comments?post=22544"}],"version-history":[{"count":5,"href":"https:\/\/ciberespiral.org\/es\/wp-json\/wp\/v2\/posts\/22544\/revisions"}],"predecessor-version":[{"id":22559,"href":"https:\/\/ciberespiral.org\/es\/wp-json\/wp\/v2\/posts\/22544\/revisions\/22559"}],"wp:featuredmedia":[{"embeddable":true,"href":"https:\/\/ciberespiral.org\/es\/wp-json\/wp\/v2\/media\/22545"}],"wp:attachment":[{"href":"https:\/\/ciberespiral.org\/es\/wp-json\/wp\/v2\/media?parent=22544"}],"wp:term":[{"taxonomy":"category","embeddable":true,"href":"https:\/\/ciberespiral.org\/es\/wp-json\/wp\/v2\/categories?post=22544"},{"taxonomy":"post_tag","embeddable":true,"href":"https:\/\/ciberespiral.org\/es\/wp-json\/wp\/v2\/tags?post=22544"}],"curies":[{"name":"wp","href":"https:\/\/api.w.org\/{rel}","templated":true}]}}