{"id":22094,"date":"2025-09-04T09:00:00","date_gmt":"2025-09-04T07:00:00","guid":{"rendered":"https:\/\/ciberespiral.org\/?p=22094"},"modified":"2025-07-06T23:23:03","modified_gmt":"2025-07-06T21:23:03","slug":"la-inteligencia-artificial-en-el-curriculo-educativo-experiencia-docente","status":"publish","type":"post","link":"https:\/\/ciberespiral.org\/es\/la-inteligencia-artificial-en-el-curriculo-educativo-experiencia-docente\/","title":{"rendered":"La inteligencia artificial en el curr\u00edculo educativo. Experiencia Docente"},"content":{"rendered":"<p>[et_pb_section fb_built=\u00bb1&#8243; theme_builder_area=\u00bbpost_content\u00bb _builder_version=\u00bb4.27.4&#8243; _module_preset=\u00bbdefault\u00bb da_is_popup=\u00bboff\u00bb da_exit_intent=\u00bboff\u00bb da_has_close=\u00bbon\u00bb da_alt_close=\u00bboff\u00bb da_dark_close=\u00bboff\u00bb da_not_modal=\u00bbon\u00bb da_is_singular=\u00bboff\u00bb da_with_loader=\u00bboff\u00bb da_has_shadow=\u00bbon\u00bb da_disable_devices=\u00bboff|off|off\u00bb][et_pb_row _builder_version=\u00bb4.27.4&#8243; _module_preset=\u00bbdefault\u00bb column_structure=\u00bb1_2,1_2&#8243; theme_builder_area=\u00bbpost_content\u00bb custom_padding=\u00bb||42px|||\u00bb][et_pb_column _builder_version=\u00bb4.27.4&#8243; _module_preset=\u00bbdefault\u00bb type=\u00bb1_2&#8243; theme_builder_area=\u00bbpost_content\u00bb][et_pb_image src=\u00bbhttps:\/\/ciberespiral.org\/wp-content\/uploads\/2025\/07\/jjdeharo.jpg\u00bb _builder_version=\u00bb4.27.4&#8243; _module_preset=\u00bbdefault\u00bb theme_builder_area=\u00bbpost_content\u00bb title_text=\u00bbjjdeharo\u00bb hover_enabled=\u00bb0&#8243; sticky_enabled=\u00bb0&#8243; custom_padding=\u00bb|87px|1px|||\u00bb width=\u00bb100%\u00bb custom_margin=\u00bb|66px|-9px|||\u00bb][\/et_pb_image][\/et_pb_column][et_pb_column _builder_version=\u00bb4.27.4&#8243; _module_preset=\u00bbdefault\u00bb type=\u00bb1_2&#8243; theme_builder_area=\u00bbpost_content\u00bb][et_pb_text _builder_version=\u00bb4.27.4&#8243; _module_preset=\u00bbdefault\u00bb theme_builder_area=\u00bbpost_content\u00bb hover_enabled=\u00bb0&#8243; sticky_enabled=\u00bb0&#8243; width=\u00bb100%\u00bb custom_margin=\u00bb|-238px|13px|-77px||\u00bb custom_padding=\u00bb|0px||0px||\u00bb]<\/p>\n<p><strong>Autor:<\/strong><\/p>\n<p><span style=\"font-weight: 400;\">Juan Jos\u00e9 de Haro, doctor en Biolog\u00eda, ha dedicado m\u00e1s de 30 a\u00f1os a la ense\u00f1anza de Biolog\u00eda, Matem\u00e1ticas e Inform\u00e1tica en los niveles de secundaria y bachillerato. Su carrera se ha caracterizado por la integraci\u00f3n temprana de tecnolog\u00edas digitales y redes sociales en el \u00e1mbito educativo. Autor de diversos libros y art\u00edculos. Su inter\u00e9s actual se orienta hacia la aplicaci\u00f3n de la Inteligencia Artificial en la educaci\u00f3n y el fomento de recursos educativos abiertos, reflejando su compromiso con la innovaci\u00f3n y mejora continua en la ense\u00f1anza.<\/span><\/p>\n<p>[\/et_pb_text][\/et_pb_column][\/et_pb_row][et_pb_row _builder_version=\u00bb4.27.4&#8243; _module_preset=\u00bbdefault\u00bb theme_builder_area=\u00bbpost_content\u00bb][et_pb_column _builder_version=\u00bb4.27.4&#8243; _module_preset=\u00bbdefault\u00bb type=\u00bb4_4&#8243; theme_builder_area=\u00bbpost_content\u00bb][et_pb_text _builder_version=\u00bb4.27.4&#8243; _module_preset=\u00bbdefault\u00bb theme_builder_area=\u00bbpost_content\u00bb hover_enabled=\u00bb0&#8243; sticky_enabled=\u00bb0&#8243;]<\/p>\n<h3><b>Resumen<\/b><\/h3>\n<p><span style=\"font-weight: 400;\">Este cap\u00edtulo aborda la integraci\u00f3n de la Inteligencia Artificial (IA) en el curr\u00edculo educativo, destacando su aplicaci\u00f3n como soporte en el dise\u00f1o y conceptualizaci\u00f3n de las diferentes actividades de aprendizaje y como herramienta para fomentar un aprendizaje adaptativo y significativo.<\/span><span style=\"font-weight: 400;\"><br \/><\/span><span style=\"font-weight: 400;\">Tomando como referencia la IA generativa de texto (IAG), el autor eval\u00faa diversas herramientas, como Bard y ChatGPT, este \u00faltimo recomendando por su profundidad y capacidad de comprensi\u00f3n. Adem\u00e1s se detalla la utilizaci\u00f3n de la IA educativa (IAE) en la planificaci\u00f3n curricular, mostrando ejemplos de programaci\u00f3n y de uso de plantillas para generar <\/span><i><span style=\"font-weight: 400;\">prompts <\/span><\/i><span style=\"font-weight: 400;\">en Biolog\u00eda de Bachillerato. El autor subraya que la IAE act\u00faa como un asistente en lugar de reemplazar la labor docente. <\/span><span style=\"font-weight: 400;\"><br \/><\/span><span style=\"font-weight: 400;\">Tambi\u00e9n se presentan ejemplos espec\u00edficos de actividades generadas por ChatGPT, desde la observaci\u00f3n microsc\u00f3pica hasta la resoluci\u00f3n de problemas matem\u00e1ticos. Como buenas pr\u00e1cticas se destaca la capacidad para emplear la IAE para fomentar las metodolog\u00edas activas y adaptarse a las necesidades de los estudiantes con diversidad funcional.<\/span><\/p>\n<p>[\/et_pb_text][\/et_pb_column][\/et_pb_row][et_pb_row _builder_version=\u00bb4.27.4&#8243; _module_preset=\u00bbdefault\u00bb column_structure=\u00bb1_2,1_2&#8243; theme_builder_area=\u00bbpost_content\u00bb][et_pb_column _builder_version=\u00bb4.27.4&#8243; _module_preset=\u00bbdefault\u00bb type=\u00bb1_2&#8243; theme_builder_area=\u00bbpost_content\u00bb][et_pb_text _builder_version=\u00bb4.27.4&#8243; _module_preset=\u00bbdefault\u00bb link_option_url=\u00bbhttps:\/\/ciberespiral.org\/download\/19798\/?tmstv=1729177776&#8243; locked=\u00bboff\u00bb global_colors_info=\u00bb{}\u00bb theme_builder_area=\u00bbpost_content\u00bb]<\/p>\n<h3 style=\"text-align: left;\">Haga clic en el bot\u00f3n para descargar el libro <em>Inteligencia<\/em><\/h3>\n<h3 style=\"text-align: left;\"><em>Artificial en la Microeducaci\u00f3n.<\/em><\/h3>\n<p>[\/et_pb_text][\/et_pb_column][et_pb_column _builder_version=\u00bb4.27.4&#8243; _module_preset=\u00bbdefault\u00bb type=\u00bb1_2&#8243; theme_builder_area=\u00bbpost_content\u00bb][et_pb_button button_url=\u00bbhttps:\/\/ciberespiral.org\/download\/19798\/?tmstv=1729177776&#8243; url_new_window=\u00bbon\u00bb button_text=\u00bbDescargar PDF (89,7 Mb)\u00bb _builder_version=\u00bb4.27.4&#8243; _module_preset=\u00bbdefault\u00bb locked=\u00bboff\u00bb global_colors_info=\u00bb{}\u00bb theme_builder_area=\u00bbpost_content\u00bb][\/et_pb_button][\/et_pb_column][\/et_pb_row][\/et_pb_section]<\/p>\n","protected":false},"excerpt":{"rendered":"<p>Autor: Juan Jos\u00e9 de Haro, doctor en Biolog\u00eda, ha dedicado m\u00e1s de 30 a\u00f1os a la ense\u00f1anza de Biolog\u00eda, Matem\u00e1ticas e Inform\u00e1tica en los niveles de secundaria y bachillerato. Su carrera se ha caracterizado por la integraci\u00f3n temprana de tecnolog\u00edas digitales y redes sociales en el \u00e1mbito educativo. Autor de diversos libros y art\u00edculos. Su [&hellip;]<\/p>\n","protected":false},"author":10,"featured_media":22095,"comment_status":"open","ping_status":"open","sticky":false,"template":"","format":"standard","meta":{"_acf_changed":false,"_et_pb_use_builder":"on","_et_pb_old_content":"","_et_gb_content_width":"","footnotes":""},"categories":[8],"tags":[344,693,254,235,256],"class_list":["post-22094","post","type-post","status-publish","format-standard","has-post-thumbnail","hentry","category-odite","tag-educacion","tag-ia-es-2","tag-innovacion","tag-odite","tag-tendencias-educativas"],"acf":[],"_links":{"self":[{"href":"https:\/\/ciberespiral.org\/es\/wp-json\/wp\/v2\/posts\/22094","targetHints":{"allow":["GET"]}}],"collection":[{"href":"https:\/\/ciberespiral.org\/es\/wp-json\/wp\/v2\/posts"}],"about":[{"href":"https:\/\/ciberespiral.org\/es\/wp-json\/wp\/v2\/types\/post"}],"author":[{"embeddable":true,"href":"https:\/\/ciberespiral.org\/es\/wp-json\/wp\/v2\/users\/10"}],"replies":[{"embeddable":true,"href":"https:\/\/ciberespiral.org\/es\/wp-json\/wp\/v2\/comments?post=22094"}],"version-history":[{"count":6,"href":"https:\/\/ciberespiral.org\/es\/wp-json\/wp\/v2\/posts\/22094\/revisions"}],"predecessor-version":[{"id":22106,"href":"https:\/\/ciberespiral.org\/es\/wp-json\/wp\/v2\/posts\/22094\/revisions\/22106"}],"wp:featuredmedia":[{"embeddable":true,"href":"https:\/\/ciberespiral.org\/es\/wp-json\/wp\/v2\/media\/22095"}],"wp:attachment":[{"href":"https:\/\/ciberespiral.org\/es\/wp-json\/wp\/v2\/media?parent=22094"}],"wp:term":[{"taxonomy":"category","embeddable":true,"href":"https:\/\/ciberespiral.org\/es\/wp-json\/wp\/v2\/categories?post=22094"},{"taxonomy":"post_tag","embeddable":true,"href":"https:\/\/ciberespiral.org\/es\/wp-json\/wp\/v2\/tags?post=22094"}],"curies":[{"name":"wp","href":"https:\/\/api.w.org\/{rel}","templated":true}]}}