{"id":22040,"date":"2025-07-10T09:00:00","date_gmt":"2025-07-10T07:00:00","guid":{"rendered":"https:\/\/ciberespiral.org\/?p=22040"},"modified":"2025-07-06T21:48:58","modified_gmt":"2025-07-06T19:48:58","slug":"una-experiencia-practica-con-la-ia-en-el-aula-de-1o-de-bachillerato","status":"publish","type":"post","link":"https:\/\/ciberespiral.org\/es\/una-experiencia-practica-con-la-ia-en-el-aula-de-1o-de-bachillerato\/","title":{"rendered":"Una experiencia pr\u00e1ctica con la IA en el aula de 1\u00ba de bachillerato"},"content":{"rendered":"<p>[et_pb_section fb_built=\u00bb1&#8243; theme_builder_area=\u00bbpost_content\u00bb _builder_version=\u00bb4.27.4&#8243; _module_preset=\u00bbdefault\u00bb da_is_popup=\u00bboff\u00bb da_exit_intent=\u00bboff\u00bb da_has_close=\u00bbon\u00bb da_alt_close=\u00bboff\u00bb da_dark_close=\u00bboff\u00bb da_not_modal=\u00bbon\u00bb da_is_singular=\u00bboff\u00bb da_with_loader=\u00bboff\u00bb da_has_shadow=\u00bbon\u00bb da_disable_devices=\u00bboff|off|off\u00bb][et_pb_row _builder_version=\u00bb4.27.4&#8243; _module_preset=\u00bbdefault\u00bb column_structure=\u00bb1_2,1_2&#8243; theme_builder_area=\u00bbpost_content\u00bb][et_pb_column _builder_version=\u00bb4.27.4&#8243; _module_preset=\u00bbdefault\u00bb type=\u00bb1_2&#8243; theme_builder_area=\u00bbpost_content\u00bb][et_pb_image src=\u00bbhttps:\/\/ciberespiral.org\/wp-content\/uploads\/2025\/07\/Captura-de-pantalla-2025-07-06-a-las-21.17.08.png\u00bb _builder_version=\u00bb4.27.4&#8243; _module_preset=\u00bbdefault\u00bb theme_builder_area=\u00bbpost_content\u00bb title_text=\u00bbCaptura de pantalla 2025-07-06 a las 21.17.08&#8243; hover_enabled=\u00bb0&#8243; sticky_enabled=\u00bb0&#8243; width=\u00bb79.6%\u00bb custom_padding=\u00bb|94px|0px|||\u00bb custom_margin=\u00bb|127px||||\u00bb][\/et_pb_image][\/et_pb_column][et_pb_column _builder_version=\u00bb4.27.4&#8243; _module_preset=\u00bbdefault\u00bb type=\u00bb1_2&#8243; theme_builder_area=\u00bbpost_content\u00bb][et_pb_text _builder_version=\u00bb4.27.4&#8243; _module_preset=\u00bbdefault\u00bb theme_builder_area=\u00bbpost_content\u00bb hover_enabled=\u00bb0&#8243; sticky_enabled=\u00bb0&#8243; custom_margin=\u00bb|||-208px||\u00bb]<\/p>\n<p><strong>Autor<\/strong>:<\/p>\n<p>\u00c1LVARO MART\u00cdN, desde 1998 es profesor de tecnolog\u00eda en diferentes centros de Extremadura y Castilla Le\u00f3n. Trabaj\u00f3 en el IES Francisco de Orellana en Trujillo, en el IES Universidad Laboral de C\u00e1ceres y desde el 2012, es profesor de Tecnolog\u00edav en el IES Mart\u00ednez Uribarri de Salamanca.<\/p>\n<p class=\"p1\">Actualmente tambi\u00e9n es asesor t\u00e9cnico docente en Competencia Digital Educativa de la Junta de Castilla y Le\u00f3n en la Direcci\u00f3n Provincial de Salamanca. Participante en las diferentes convocatorias de la Escuela de Pensamiento Computacional de INTEF y en numerosos proyectos de innovaci\u00f3n educativa en la Junta de Castilla y Le\u00f3n.<\/p>\n<p>[\/et_pb_text][\/et_pb_column][\/et_pb_row][et_pb_row _builder_version=\u00bb4.27.4&#8243; _module_preset=\u00bbdefault\u00bb theme_builder_area=\u00bbpost_content\u00bb][et_pb_column _builder_version=\u00bb4.27.4&#8243; _module_preset=\u00bbdefault\u00bb type=\u00bb4_4&#8243; theme_builder_area=\u00bbpost_content\u00bb][et_pb_text _builder_version=\u00bb4.27.4&#8243; _module_preset=\u00bbdefault\u00bb theme_builder_area=\u00bbpost_content\u00bb hover_enabled=\u00bb0&#8243; sticky_enabled=\u00bb0&#8243;]<\/p>\n<p><strong>Resumen:\u00a0<\/strong><\/p>\n<p>Esta experiencia educativa, enmarcada en el programa:\u00bbEscuela de Pensamiento Computacional\u00bb del INEF y realizada en un aula de bachillerato, adopta el modelo TPACK para desarrollar un proyecto que tiene como objetivo la creaci\u00f3n de una aplicaci\u00f3n m\u00f3vil con Inteligencia Artificial (IA).<\/p>\n<p>En las fases iniciales, lso estudiantes adquieren habilidades tecnol\u00f3gicas utilizando App Inventor y Machine Learning for Kids. La metodolog\u00eda de Aprendizaje y Servicio (ApS) gu\u00eda la creaci\u00f3n de aplicaciones que aportan benefcios sociales. Las fases del proyecto incluyen conocimientos sobre los fundamentos de la IA, la integraci\u00f3n de modelos y el an\u00e1lisis de los sesgos de la IA. La propuesta tambi\u00e9n se orienta al desarrollo de competencias clave como la creatividad, el trabajo en equipo, la resoluci\u00f3n de problemas o la capacidad para aprender de manera aut\u00f3noma.<\/p>\n<p>El proyecto culmina con la presentaci\u00f3n de las aplicaciones que son evaluadas en funci\u00f3n de aspectos t\u00e9cnicos, evidencias de trabajo, contribuci\u00f3n social y difusi\u00f3n de la propuesta. A pesar de algunos desaf\u00edos, la experiencia se considera exitosa por parte del equipo docente dado que promueve la comprensi\u00f3n profunda de la IA y su aplicaci\u00f3n pr\u00e1ctica en educaci\u00f3n (IAE) para solucionar problemas reales de la sociedad.<\/p>\n<p>[\/et_pb_text][\/et_pb_column][\/et_pb_row][et_pb_row _builder_version=\u00bb4.27.4&#8243; _module_preset=\u00bbdefault\u00bb column_structure=\u00bb1_2,1_2&#8243; theme_builder_area=\u00bbpost_content\u00bb][et_pb_column _builder_version=\u00bb4.27.4&#8243; _module_preset=\u00bbdefault\u00bb type=\u00bb1_2&#8243; theme_builder_area=\u00bbpost_content\u00bb][et_pb_text _builder_version=\u00bb4.27.4&#8243; _module_preset=\u00bbdefault\u00bb link_option_url=\u00bbhttps:\/\/ciberespiral.org\/download\/19798\/?tmstv=1729177776&#8243; locked=\u00bboff\u00bb global_colors_info=\u00bb{}\u00bb theme_builder_area=\u00bbpost_content\u00bb]<\/p>\n<h3 style=\"text-align: left;\">Haga clic en el bot\u00f3n para descargar el libro <em>Inteligencia<\/em><\/h3>\n<h3 style=\"text-align: left;\"><em>Artificial en la Microeducaci\u00f3n.<\/em><\/h3>\n<p>[\/et_pb_text][\/et_pb_column][et_pb_column _builder_version=\u00bb4.27.4&#8243; _module_preset=\u00bbdefault\u00bb type=\u00bb1_2&#8243; theme_builder_area=\u00bbpost_content\u00bb][et_pb_button button_url=\u00bbhttps:\/\/ciberespiral.org\/download\/19798\/?tmstv=1729177776&#8243; url_new_window=\u00bbon\u00bb button_text=\u00bbDescargar PDF (89,7 Mb)\u00bb _builder_version=\u00bb4.27.4&#8243; _module_preset=\u00bbdefault\u00bb locked=\u00bboff\u00bb global_colors_info=\u00bb{}\u00bb theme_builder_area=\u00bbpost_content\u00bb][\/et_pb_button][\/et_pb_column][\/et_pb_row][\/et_pb_section][et_pb_section fb_built=\u00bb1&#8243; fullwidth=\u00bbon\u00bb theme_builder_area=\u00bbpost_content\u00bb _builder_version=\u00bb4.27.4&#8243; _module_preset=\u00bbdefault\u00bb da_is_popup=\u00bboff\u00bb da_exit_intent=\u00bboff\u00bb da_has_close=\u00bbon\u00bb da_alt_close=\u00bboff\u00bb da_dark_close=\u00bboff\u00bb da_not_modal=\u00bbon\u00bb da_is_singular=\u00bboff\u00bb da_with_loader=\u00bboff\u00bb da_has_shadow=\u00bbon\u00bb da_disable_devices=\u00bboff|off|off\u00bb][\/et_pb_section]<\/p>\n","protected":false},"excerpt":{"rendered":"<p>Autor: \u00c1LVARO MART\u00cdN, desde 1998 es profesor de tecnolog\u00eda en diferentes centros de Extremadura y Castilla Le\u00f3n. Trabaj\u00f3 en el IES Francisco de Orellana en Trujillo, en el IES Universidad Laboral de C\u00e1ceres y desde el 2012, es profesor de Tecnolog\u00edav en el IES Mart\u00ednez Uribarri de Salamanca. Actualmente tambi\u00e9n es asesor t\u00e9cnico docente en [&hellip;]<\/p>\n","protected":false},"author":10,"featured_media":22041,"comment_status":"open","ping_status":"open","sticky":false,"template":"","format":"standard","meta":{"_acf_changed":false,"_et_pb_use_builder":"on","_et_pb_old_content":"","_et_gb_content_width":"","footnotes":""},"categories":[8],"tags":[344,693,254,235,256],"class_list":["post-22040","post","type-post","status-publish","format-standard","has-post-thumbnail","hentry","category-odite","tag-educacion","tag-ia-es-2","tag-innovacion","tag-odite","tag-tendencias-educativas"],"acf":[],"_links":{"self":[{"href":"https:\/\/ciberespiral.org\/es\/wp-json\/wp\/v2\/posts\/22040","targetHints":{"allow":["GET"]}}],"collection":[{"href":"https:\/\/ciberespiral.org\/es\/wp-json\/wp\/v2\/posts"}],"about":[{"href":"https:\/\/ciberespiral.org\/es\/wp-json\/wp\/v2\/types\/post"}],"author":[{"embeddable":true,"href":"https:\/\/ciberespiral.org\/es\/wp-json\/wp\/v2\/users\/10"}],"replies":[{"embeddable":true,"href":"https:\/\/ciberespiral.org\/es\/wp-json\/wp\/v2\/comments?post=22040"}],"version-history":[{"count":5,"href":"https:\/\/ciberespiral.org\/es\/wp-json\/wp\/v2\/posts\/22040\/revisions"}],"predecessor-version":[{"id":22051,"href":"https:\/\/ciberespiral.org\/es\/wp-json\/wp\/v2\/posts\/22040\/revisions\/22051"}],"wp:featuredmedia":[{"embeddable":true,"href":"https:\/\/ciberespiral.org\/es\/wp-json\/wp\/v2\/media\/22041"}],"wp:attachment":[{"href":"https:\/\/ciberespiral.org\/es\/wp-json\/wp\/v2\/media?parent=22040"}],"wp:term":[{"taxonomy":"category","embeddable":true,"href":"https:\/\/ciberespiral.org\/es\/wp-json\/wp\/v2\/categories?post=22040"},{"taxonomy":"post_tag","embeddable":true,"href":"https:\/\/ciberespiral.org\/es\/wp-json\/wp\/v2\/tags?post=22040"}],"curies":[{"name":"wp","href":"https:\/\/api.w.org\/{rel}","templated":true}]}}