{"id":21479,"date":"2025-06-26T09:00:00","date_gmt":"2025-06-26T07:00:00","guid":{"rendered":"https:\/\/ciberespiral.org\/?p=21479"},"modified":"2025-04-26T22:53:19","modified_gmt":"2025-04-26T20:53:19","slug":"un-enfoque-practico-con-learningml-un-caso-de-ia-en-educacion-primaria","status":"publish","type":"post","link":"https:\/\/ciberespiral.org\/es\/un-enfoque-practico-con-learningml-un-caso-de-ia-en-educacion-primaria\/","title":{"rendered":"Un enfoque pr\u00e1ctico con LearningML: un caso de IA en educaci\u00f3n primaria"},"content":{"rendered":"<p>[et_pb_section fb_built=\u00bb1&#8243; theme_builder_area=\u00bbpost_content\u00bb _builder_version=\u00bb4.27.4&#8243; _module_preset=\u00bbdefault\u00bb da_is_popup=\u00bboff\u00bb da_exit_intent=\u00bboff\u00bb da_has_close=\u00bbon\u00bb da_alt_close=\u00bboff\u00bb da_dark_close=\u00bboff\u00bb da_not_modal=\u00bbon\u00bb da_is_singular=\u00bboff\u00bb da_with_loader=\u00bboff\u00bb da_has_shadow=\u00bbon\u00bb da_disable_devices=\u00bboff|off|off\u00bb][et_pb_row _builder_version=\u00bb4.27.4&#8243; _module_preset=\u00bbdefault\u00bb column_structure=\u00bb1_2,1_2&#8243; theme_builder_area=\u00bbpost_content\u00bb][et_pb_column _builder_version=\u00bb4.27.4&#8243; _module_preset=\u00bbdefault\u00bb type=\u00bb1_2&#8243; theme_builder_area=\u00bbpost_content\u00bb][et_pb_image src=\u00bbhttps:\/\/ciberespiral.org\/wp-content\/uploads\/2025\/04\/Foto_jorge_lobo-scaled.jpg\u00bb _builder_version=\u00bb4.27.4&#8243; _module_preset=\u00bbdefault\u00bb theme_builder_area=\u00bbpost_content\u00bb title_text=\u00bbFoto_jorge_lobo\u00bb hover_enabled=\u00bb0&#8243; sticky_enabled=\u00bb0&#8243; custom_margin=\u00bb|110px||||\u00bb width=\u00bb58.9%\u00bb][\/et_pb_image][\/et_pb_column][et_pb_column _builder_version=\u00bb4.27.4&#8243; _module_preset=\u00bbdefault\u00bb type=\u00bb1_2&#8243; theme_builder_area=\u00bbpost_content\u00bb][et_pb_text _builder_version=\u00bb4.27.4&#8243; _module_preset=\u00bbdefault\u00bb theme_builder_area=\u00bbpost_content\u00bb hover_enabled=\u00bb0&#8243; sticky_enabled=\u00bb0&#8243; custom_margin=\u00bb|||-188px||\u00bb]<\/p>\n<p><span style=\"font-weight: 400;\">Autor: Jorge Lobo<\/span><a href=\"https:\/\/twitter.com\/lobo_tic\"> <span style=\"font-weight: 400;\">(@lobo_tic)<\/span><\/a> <span style=\"font-weight: 400;\">es Diplomado en Magisterio en la Universidad Complutense de Madrid. Complementa su formaci\u00f3n con el t\u00edtulo de T\u00e9cnico Especialista en Electr\u00f3nica Industrial y el de T\u00e9cnico Superior en Animaci\u00f3n Sociocultural.\u00a0<\/span><\/p>\n<p><span style=\"font-weight: 400;\">Ha participado en acciones formativas, principalmente orientadas al profesorado, mediante diversas ponencias, talleres, cursos y mesas redondas relacionadas con la Rob\u00f3tica, la Programaci\u00f3n y la Inteligencia Artificial, adem\u00e1s de haber colaborado con art\u00edculos de estas tem\u00e1ticas en diferentes publicaciones del ambito educativo.<\/span><\/p>\n<p><span style=\"font-weight: 400;\">Actualmente trabaja en el CEIP Lope de Vega de Madrid, colegio del que es coordinador ComDigEdu y donde lleva desde 2013 integrando la Programaci\u00f3n y la Rob\u00f3tica en el curr\u00edculum de Educaci\u00f3n Infantil y Primaria. <\/span><\/p>\n<p>[\/et_pb_text][\/et_pb_column][\/et_pb_row][et_pb_row _builder_version=\u00bb4.27.4&#8243; _module_preset=\u00bbdefault\u00bb theme_builder_area=\u00bbpost_content\u00bb][et_pb_column _builder_version=\u00bb4.27.4&#8243; _module_preset=\u00bbdefault\u00bb type=\u00bb4_4&#8243; theme_builder_area=\u00bbpost_content\u00bb][et_pb_text _builder_version=\u00bb4.27.4&#8243; _module_preset=\u00bbdefault\u00bb theme_builder_area=\u00bbpost_content\u00bb hover_enabled=\u00bb0&#8243; sticky_enabled=\u00bb0&#8243;]<\/p>\n<p><span style=\"font-weight: 400;\">La inteligencia artificial lleva a\u00f1os en nuestra vida, pero ha pasado bastante desapercibida hasta el pasado a\u00f1o 2023, cuando la popularizaci\u00f3n de la IA generativa, con Chat GTP como punta de lanza, la ha popularizado en el mundo entero y ha puesto de moda este campo de la inform\u00e1tica en todos los sectores socioecon\u00f3micos.\u00a0 En el \u00e1mbito de la informaci\u00f3n y la comunicaci\u00f3n, hoy en d\u00eda contamos con innumerables aplicaciones basadas en esta tecnolog\u00eda que permiten crear de forma sencilla todo tipo de contenidos, desde texto, imagen y sonido, hasta v\u00eddeo y espacios de realidad aumentada (RA) o realidad virtual (RV).\u00a0<\/span><\/p>\n<p><span style=\"font-weight: 400;\">Como no puede ser de otra forma, la IA ha llegado tambi\u00e9n con fuerza al \u00e1mbito educativo y, a lo largo del \u00faltimo a\u00f1o, un gran n\u00famero de docentes se han interesado por las aplicaciones did\u00e1cticas de estas herramientas. La inteligencia artificial en educaci\u00f3n (IAE) es un sector que est\u00e1 creciendo y despierta enormes expectativas al tiempo que genera no pocas suspicacias<\/span><\/p>\n<p><span style=\"font-weight: 400;\">Con tantas opciones a nuestra disposici\u00f3n podemos quedar cegados por el brillo de\u00a0 tantas herramientas y perder de vista algunas cuestiones importantes. En este cap\u00edtulo compartimos un caso de IA en educaci\u00f3n primaria como espacio de reflexi\u00f3n a partir de la evidencia contrastada, con la aplicaci\u00f3n pr\u00e1ctica y controlada de las pedagog\u00edas m\u00e1s acordes con las necesidades del alumnado en el momento actual.<\/span><\/p>\n<p>[\/et_pb_text][\/et_pb_column][\/et_pb_row][et_pb_row _builder_version=\u00bb4.27.4&#8243; _module_preset=\u00bbdefault\u00bb column_structure=\u00bb1_2,1_2&#8243; theme_builder_area=\u00bbpost_content\u00bb][et_pb_column _builder_version=\u00bb4.27.4&#8243; _module_preset=\u00bbdefault\u00bb type=\u00bb1_2&#8243; theme_builder_area=\u00bbpost_content\u00bb][et_pb_text _builder_version=\u00bb4.27.4&#8243; _module_preset=\u00bbdefault\u00bb link_option_url=\u00bbhttps:\/\/ciberespiral.org\/download\/19798\/?tmstv=1729177776&#8243; global_colors_info=\u00bb{}\u00bb locked=\u00bboff\u00bb theme_builder_area=\u00bbpost_content\u00bb]<\/p>\n<h3 style=\"text-align: left;\">Haga clic en el bot\u00f3n para descargar el libro <em>Inteligencia<\/em><\/h3>\n<h3 style=\"text-align: left;\"><em>Artificial en la Microeducaci\u00f3n.<\/em><\/h3>\n<p>[\/et_pb_text][\/et_pb_column][et_pb_column _builder_version=\u00bb4.27.4&#8243; _module_preset=\u00bbdefault\u00bb type=\u00bb1_2&#8243; theme_builder_area=\u00bbpost_content\u00bb][et_pb_button button_url=\u00bbhttps:\/\/ciberespiral.org\/download\/19798\/?tmstv=1729177776&#8243; url_new_window=\u00bbon\u00bb button_text=\u00bbDescargar PDF (89,7 Mb)\u00bb _builder_version=\u00bb4.27.4&#8243; _module_preset=\u00bbdefault\u00bb global_colors_info=\u00bb{}\u00bb locked=\u00bboff\u00bb theme_builder_area=\u00bbpost_content\u00bb][\/et_pb_button][\/et_pb_column][\/et_pb_row][\/et_pb_section]<\/p>\n","protected":false},"excerpt":{"rendered":"<p>Autor: Jorge Lobo (@lobo_tic) es Diplomado en Magisterio en la Universidad Complutense de Madrid. Complementa su formaci\u00f3n con el t\u00edtulo de T\u00e9cnico Especialista en Electr\u00f3nica Industrial y el de T\u00e9cnico Superior en Animaci\u00f3n Sociocultural.\u00a0 Ha participado en acciones formativas, principalmente orientadas al profesorado, mediante diversas ponencias, talleres, cursos y mesas redondas relacionadas con la Rob\u00f3tica, [&hellip;]<\/p>\n","protected":false},"author":10,"featured_media":21480,"comment_status":"open","ping_status":"open","sticky":false,"template":"","format":"standard","meta":{"_acf_changed":false,"_et_pb_use_builder":"on","_et_pb_old_content":"","_et_gb_content_width":"","footnotes":""},"categories":[8],"tags":[344,693,254,235,256],"class_list":["post-21479","post","type-post","status-publish","format-standard","has-post-thumbnail","hentry","category-odite","tag-educacion","tag-ia-es-2","tag-innovacion","tag-odite","tag-tendencias-educativas"],"acf":[],"_links":{"self":[{"href":"https:\/\/ciberespiral.org\/es\/wp-json\/wp\/v2\/posts\/21479","targetHints":{"allow":["GET"]}}],"collection":[{"href":"https:\/\/ciberespiral.org\/es\/wp-json\/wp\/v2\/posts"}],"about":[{"href":"https:\/\/ciberespiral.org\/es\/wp-json\/wp\/v2\/types\/post"}],"author":[{"embeddable":true,"href":"https:\/\/ciberespiral.org\/es\/wp-json\/wp\/v2\/users\/10"}],"replies":[{"embeddable":true,"href":"https:\/\/ciberespiral.org\/es\/wp-json\/wp\/v2\/comments?post=21479"}],"version-history":[{"count":5,"href":"https:\/\/ciberespiral.org\/es\/wp-json\/wp\/v2\/posts\/21479\/revisions"}],"predecessor-version":[{"id":21489,"href":"https:\/\/ciberespiral.org\/es\/wp-json\/wp\/v2\/posts\/21479\/revisions\/21489"}],"wp:featuredmedia":[{"embeddable":true,"href":"https:\/\/ciberespiral.org\/es\/wp-json\/wp\/v2\/media\/21480"}],"wp:attachment":[{"href":"https:\/\/ciberespiral.org\/es\/wp-json\/wp\/v2\/media?parent=21479"}],"wp:term":[{"taxonomy":"category","embeddable":true,"href":"https:\/\/ciberespiral.org\/es\/wp-json\/wp\/v2\/categories?post=21479"},{"taxonomy":"post_tag","embeddable":true,"href":"https:\/\/ciberespiral.org\/es\/wp-json\/wp\/v2\/tags?post=21479"}],"curies":[{"name":"wp","href":"https:\/\/api.w.org\/{rel}","templated":true}]}}