{"id":21456,"date":"2025-05-29T09:00:00","date_gmt":"2025-05-29T07:00:00","guid":{"rendered":"https:\/\/ciberespiral.org\/?p=21456"},"modified":"2025-04-26T22:31:22","modified_gmt":"2025-04-26T20:31:22","slug":"el-valor-de-los-recursos-de-ia-en-educacion-el-poder-de-los-docentes","status":"publish","type":"post","link":"https:\/\/ciberespiral.org\/es\/el-valor-de-los-recursos-de-ia-en-educacion-el-poder-de-los-docentes\/","title":{"rendered":"El valor de los recursos de IA en educaci\u00f3n: el poder de los docentes"},"content":{"rendered":"<p>[et_pb_section fb_built=\u00bb1&#8243; theme_builder_area=\u00bbpost_content\u00bb _builder_version=\u00bb4.27.4&#8243; _module_preset=\u00bbdefault\u00bb da_is_popup=\u00bboff\u00bb da_exit_intent=\u00bboff\u00bb da_has_close=\u00bbon\u00bb da_alt_close=\u00bboff\u00bb da_dark_close=\u00bboff\u00bb da_not_modal=\u00bbon\u00bb da_is_singular=\u00bboff\u00bb da_with_loader=\u00bboff\u00bb da_has_shadow=\u00bbon\u00bb da_disable_devices=\u00bboff|off|off\u00bb][et_pb_row _builder_version=\u00bb4.27.4&#8243; _module_preset=\u00bbdefault\u00bb column_structure=\u00bb1_2,1_2&#8243; theme_builder_area=\u00bbpost_content\u00bb][et_pb_column _builder_version=\u00bb4.27.4&#8243; _module_preset=\u00bbdefault\u00bb type=\u00bb1_2&#8243; theme_builder_area=\u00bbpost_content\u00bb][et_pb_image src=\u00bbhttps:\/\/ciberespiral.org\/wp-content\/uploads\/2025\/04\/Jmi-Mexico-scaled.jpg\u00bb _builder_version=\u00bb4.27.4&#8243; _module_preset=\u00bbdefault\u00bb theme_builder_area=\u00bbpost_content\u00bb title_text=\u00bbJmi-Mexico\u00bb hover_enabled=\u00bb0&#8243; sticky_enabled=\u00bb0&#8243; custom_padding=\u00bb|5px|0px|||\u00bb custom_margin=\u00bb|21px|1px|||\u00bb width=\u00bb59.4%\u00bb min_height=\u00bb156.8px\u00bb][\/et_pb_image][\/et_pb_column][et_pb_column _builder_version=\u00bb4.27.4&#8243; _module_preset=\u00bbdefault\u00bb type=\u00bb1_2&#8243; theme_builder_area=\u00bbpost_content\u00bb][et_pb_text _builder_version=\u00bb4.27.4&#8243; _module_preset=\u00bbdefault\u00bb theme_builder_area=\u00bbpost_content\u00bb hover_enabled=\u00bb0&#8243; sticky_enabled=\u00bb0&#8243; custom_padding=\u00bb|||0px||\u00bb custom_margin=\u00bb|||-193px||\u00bb]<\/p>\n<p>Autor: <span style=\"font-weight: 400;\">Juanmi Mu\u00f1oz<\/span><\/p>\n<p><span style=\"font-weight: 400;\">Maestro del siglo XX intentando estar a la altura del XXI. Pedagogo porque su preocupaci\u00f3n y compromiso son la educaci\u00f3n y la ense\u00f1anza e implicado en que las tecnolog\u00edas ayuden a mejorarlas.\u00a0<\/span><\/p>\n<p>[\/et_pb_text][\/et_pb_column][\/et_pb_row][et_pb_row _builder_version=\u00bb4.27.4&#8243; _module_preset=\u00bbdefault\u00bb theme_builder_area=\u00bbpost_content\u00bb min_height=\u00bb136.6px\u00bb hover_enabled=\u00bb0&#8243; sticky_enabled=\u00bb0&#8243; custom_padding=\u00bb0px|||||\u00bb][et_pb_column _builder_version=\u00bb4.27.4&#8243; _module_preset=\u00bbdefault\u00bb type=\u00bb4_4&#8243; theme_builder_area=\u00bbpost_content\u00bb][et_pb_text _builder_version=\u00bb4.27.4&#8243; _module_preset=\u00bbdefault\u00bb theme_builder_area=\u00bbpost_content\u00bb hover_enabled=\u00bb0&#8243; sticky_enabled=\u00bb0&#8243; custom_padding=\u00bb0px|||||\u00bb]<\/p>\n<p><span style=\"font-weight: 400;\"><\/span><\/p>\n<p><span style=\"font-weight: 400;\">Presidente de la asociaci\u00f3n Espiral, Educaci\u00f3n y Tecnolog\u00eda durante 6 a\u00f1os. Actualmente es co-director del <a href=\"https:\/\/ciberespiral.org\/es\/odite\/\">Observatorio de Innovaci\u00f3n Educativa y Cultura Digital<\/a> de la misma asociaci\u00f3n. Recientemente ha cocoordinado la edici\u00f3n del libro \u201cInteligencia Artificial en la Microeducaci\u00f3n: transformando la educaci\u00f3n del futuro\u201d. Ha trabajado en la escuela p\u00fablica y en la administraci\u00f3n educativa con la Generalitat de Catalunya y con el Consorci d\u2019Educaci\u00f3 de Barcelona en temas relacionados con la formaci\u00f3n del profesorado y la transformaci\u00f3n educativa y digital.<\/span><\/p>\n<p>[\/et_pb_text][\/et_pb_column][\/et_pb_row][et_pb_row _builder_version=\u00bb4.27.4&#8243; _module_preset=\u00bbdefault\u00bb theme_builder_area=\u00bbpost_content\u00bb][et_pb_column _builder_version=\u00bb4.27.4&#8243; _module_preset=\u00bbdefault\u00bb type=\u00bb4_4&#8243; theme_builder_area=\u00bbpost_content\u00bb][et_pb_text _builder_version=\u00bb4.27.4&#8243; _module_preset=\u00bbdefault\u00bb theme_builder_area=\u00bbpost_content\u00bb hover_enabled=\u00bb0&#8243; sticky_enabled=\u00bb0&#8243;]<\/p>\n<p><span style=\"font-weight: 400;\">La Inteligencia Artificial (IA) es una tecnolog\u00eda que ha revolucionado la forma en que interactuamos con el mundo. En el \u00e1mbito educativo, la IA se va a convertir en una herramienta inestimable para los y las docentes, ya que les va a facilitar automatizar tareas y ahorrar tiempo, lo que les permitir\u00e1 centrarse en lo que realmente importa: sus estudiantes.<\/span><\/p>\n<p><span style=\"font-weight: 400;\">Hay que tener en cuenta que, aunque las herramientas de IA son \u00fatiles y tienen un gran potencial, la esencia de su valor es el uso que se haga de ella. Es m\u00e1s importante el c\u00f3mo que el qu\u00e9. Por lo tanto, es fundamental que los docentes conozcan c\u00f3mo utilizar estas herramientas y c\u00f3mo <\/span><span style=\"font-weight: 400;\">aplicarlas de manera efectiva para mejorar la experiencia de aprendizaje de sus estudiantes.\u00a0<\/span><\/p>\n<p><span style=\"font-weight: 400;\">En este art\u00edculo se presentan algunas herramientas de IA que consideramos de gran valor y utilidad para ser aplicadas en el aula.<\/span><\/p>\n<p>[\/et_pb_text][\/et_pb_column][\/et_pb_row][et_pb_row _builder_version=\u00bb4.27.4&#8243; _module_preset=\u00bbdefault\u00bb column_structure=\u00bb1_2,1_2&#8243; theme_builder_area=\u00bbpost_content\u00bb][et_pb_column _builder_version=\u00bb4.27.4&#8243; _module_preset=\u00bbdefault\u00bb type=\u00bb1_2&#8243; theme_builder_area=\u00bbpost_content\u00bb][et_pb_text _builder_version=\u00bb4.27.4&#8243; _module_preset=\u00bbdefault\u00bb link_option_url=\u00bbhttps:\/\/ciberespiral.org\/download\/19798\/?tmstv=1729177776&#8243; global_colors_info=\u00bb{}\u00bb locked=\u00bboff\u00bb theme_builder_area=\u00bbpost_content\u00bb]<\/p>\n<h3 style=\"text-align: left;\">Haga clic en el bot\u00f3n para descargar el libro <em>Inteligencia<\/em><\/h3>\n<h3 style=\"text-align: left;\"><em>Artificial en la Microeducaci\u00f3n.<\/em><\/h3>\n<p>[\/et_pb_text][\/et_pb_column][et_pb_column _builder_version=\u00bb4.27.4&#8243; _module_preset=\u00bbdefault\u00bb type=\u00bb1_2&#8243; theme_builder_area=\u00bbpost_content\u00bb][et_pb_button button_url=\u00bbhttps:\/\/ciberespiral.org\/download\/19798\/?tmstv=1729177776&#8243; url_new_window=\u00bbon\u00bb button_text=\u00bbDescargar PDF (89,7 Mb)\u00bb _builder_version=\u00bb4.27.4&#8243; _module_preset=\u00bbdefault\u00bb global_colors_info=\u00bb{}\u00bb locked=\u00bboff\u00bb theme_builder_area=\u00bbpost_content\u00bb][\/et_pb_button][\/et_pb_column][\/et_pb_row][\/et_pb_section]<\/p>\n","protected":false},"excerpt":{"rendered":"<p>Autor: Juanmi Mu\u00f1oz Maestro del siglo XX intentando estar a la altura del XXI. Pedagogo porque su preocupaci\u00f3n y compromiso son la educaci\u00f3n y la ense\u00f1anza e implicado en que las tecnolog\u00edas ayuden a mejorarlas.\u00a0 Presidente de la asociaci\u00f3n Espiral, Educaci\u00f3n y Tecnolog\u00eda durante 6 a\u00f1os. Actualmente es co-director del Observatorio de Innovaci\u00f3n Educativa y [&hellip;]<\/p>\n","protected":false},"author":10,"featured_media":21457,"comment_status":"open","ping_status":"open","sticky":false,"template":"","format":"standard","meta":{"_acf_changed":false,"_et_pb_use_builder":"on","_et_pb_old_content":"","_et_gb_content_width":"","footnotes":""},"categories":[8],"tags":[344,693,254,235,256],"class_list":["post-21456","post","type-post","status-publish","format-standard","has-post-thumbnail","hentry","category-odite","tag-educacion","tag-ia-es-2","tag-innovacion","tag-odite","tag-tendencias-educativas"],"acf":[],"_links":{"self":[{"href":"https:\/\/ciberespiral.org\/es\/wp-json\/wp\/v2\/posts\/21456","targetHints":{"allow":["GET"]}}],"collection":[{"href":"https:\/\/ciberespiral.org\/es\/wp-json\/wp\/v2\/posts"}],"about":[{"href":"https:\/\/ciberespiral.org\/es\/wp-json\/wp\/v2\/types\/post"}],"author":[{"embeddable":true,"href":"https:\/\/ciberespiral.org\/es\/wp-json\/wp\/v2\/users\/10"}],"replies":[{"embeddable":true,"href":"https:\/\/ciberespiral.org\/es\/wp-json\/wp\/v2\/comments?post=21456"}],"version-history":[{"count":5,"href":"https:\/\/ciberespiral.org\/es\/wp-json\/wp\/v2\/posts\/21456\/revisions"}],"predecessor-version":[{"id":21467,"href":"https:\/\/ciberespiral.org\/es\/wp-json\/wp\/v2\/posts\/21456\/revisions\/21467"}],"wp:featuredmedia":[{"embeddable":true,"href":"https:\/\/ciberespiral.org\/es\/wp-json\/wp\/v2\/media\/21457"}],"wp:attachment":[{"href":"https:\/\/ciberespiral.org\/es\/wp-json\/wp\/v2\/media?parent=21456"}],"wp:term":[{"taxonomy":"category","embeddable":true,"href":"https:\/\/ciberespiral.org\/es\/wp-json\/wp\/v2\/categories?post=21456"},{"taxonomy":"post_tag","embeddable":true,"href":"https:\/\/ciberespiral.org\/es\/wp-json\/wp\/v2\/tags?post=21456"}],"curies":[{"name":"wp","href":"https:\/\/api.w.org\/{rel}","templated":true}]}}