{"id":21433,"date":"2025-05-01T09:00:00","date_gmt":"2025-05-01T07:00:00","guid":{"rendered":"https:\/\/ciberespiral.org\/?p=21433"},"modified":"2025-04-26T21:52:12","modified_gmt":"2025-04-26T19:52:12","slug":"confianza-y-vinculo-en-el-ecosistema-educativo-de-la-ia-del-algoritmismo-al-algoritarismo","status":"publish","type":"post","link":"https:\/\/ciberespiral.org\/es\/confianza-y-vinculo-en-el-ecosistema-educativo-de-la-ia-del-algoritmismo-al-algoritarismo\/","title":{"rendered":"Confianza y v\u00ednculo en el ecosistema educativo de la IA. Del Algoritmismo al Algoritarismo"},"content":{"rendered":"<p>[et_pb_section fb_built=\u00bb1&#8243; theme_builder_area=\u00bbpost_content\u00bb _builder_version=\u00bb4.27.4&#8243; _module_preset=\u00bbdefault\u00bb da_is_popup=\u00bboff\u00bb da_exit_intent=\u00bboff\u00bb da_has_close=\u00bbon\u00bb da_alt_close=\u00bboff\u00bb da_dark_close=\u00bboff\u00bb da_not_modal=\u00bbon\u00bb da_is_singular=\u00bboff\u00bb da_with_loader=\u00bboff\u00bb da_has_shadow=\u00bbon\u00bb da_disable_devices=\u00bboff|off|off\u00bb][et_pb_row _builder_version=\u00bb4.27.4&#8243; _module_preset=\u00bbdefault\u00bb column_structure=\u00bb1_2,1_2&#8243; theme_builder_area=\u00bbpost_content\u00bb][et_pb_column _builder_version=\u00bb4.27.4&#8243; _module_preset=\u00bbdefault\u00bb type=\u00bb1_2&#8243; theme_builder_area=\u00bbpost_content\u00bb][et_pb_image src=\u00bbhttps:\/\/ciberespiral.org\/wp-content\/uploads\/2025\/04\/nlg2023-estriu.jpg\u00bb _builder_version=\u00bb4.27.4&#8243; _module_preset=\u00bbdefault\u00bb theme_builder_area=\u00bbpost_content\u00bb title_text=\u00bbnlg2023-estriu\u00bb hover_enabled=\u00bb0&#8243; sticky_enabled=\u00bb0&#8243; width=\u00bb69.4%\u00bb custom_padding=\u00bb||0px|||\u00bb min_height=\u00bb306.4px\u00bb custom_margin=\u00bb|35px|-75px|||\u00bb][\/et_pb_image][\/et_pb_column][et_pb_column _builder_version=\u00bb4.27.4&#8243; _module_preset=\u00bbdefault\u00bb type=\u00bb1_2&#8243; theme_builder_area=\u00bbpost_content\u00bb][et_pb_text _builder_version=\u00bb4.27.4&#8243; _module_preset=\u00bbdefault\u00bb theme_builder_area=\u00bbpost_content\u00bb hover_enabled=\u00bb0&#8243; sticky_enabled=\u00bb0&#8243; custom_margin=\u00bb|||-152px||\u00bb custom_padding=\u00bb0px|||0px||\u00bb]<\/p>\n<p>Autora:<span style=\"font-weight: 400;\"><\/span><\/p>\n<p><span style=\"font-weight: 400;\">Dra. Neus Lorenzo Gal\u00e9s<\/span><span style=\"font-weight: 400;\"><br \/><\/span><span style=\"font-weight: 400;\">Sociedad Catalana de Pedagog\u00eda, Universitat d\u2019Andorra<\/span><\/p>\n<p><span style=\"font-weight: 400;\">Vicepresidenta de Investigaci\u00f3n en la Sociedad Catalana de Pedagog\u00eda (Institut d\u2019Estudis Catalans), cofundadora de Transformation Society y codirectora en el Grupo de Investigaci\u00f3n <\/span><i><span style=\"font-weight: 400;\">Transformative Society<\/span><\/i><span style=\"font-weight: 400;\"> del <\/span><i><span style=\"font-weight: 400;\">World Federation of Associations for Teacher education<\/span><\/i><span style=\"font-weight: 400;\"> (WFATE). Miembro de la Junta de ODITE y experta en comunicaci\u00f3n pluriling\u00fce y tecnolog\u00eda educativa, es docente en la Universitat d\u2019Andorra, . Cuenta con amplia experiencia en todos los niveles educativos, en la Inspecci\u00f3n de Educaci\u00f3n, y la gesti\u00f3n educativa en diversas instituciones p\u00fablicas.\u00a0<\/span><\/p>\n<p><b style=\"font-size: 14px;\">X (Twitter):<\/b><span style=\"font-size: 14px;\"> @nlorenzo| <\/span><b style=\"font-size: 14px;\">ORCID:<\/b><span style=\"font-size: 14px;\"> https:\/\/orcid.org\/0000-0003-4733-3817 | <\/span><b style=\"font-size: 14px;\">Mail:<\/b><span style=\"font-size: 14px;\"> nlorenzo<\/span><a href=\"mailto:mangel@prats.cat\" style=\"font-size: 14px;\">@<\/a><span style=\"font-size: 14px;\">xtec.cat<\/span><\/p>\n<p>[\/et_pb_text][\/et_pb_column][\/et_pb_row][et_pb_row _builder_version=\u00bb4.27.4&#8243; _module_preset=\u00bbdefault\u00bb theme_builder_area=\u00bbpost_content\u00bb][et_pb_column _builder_version=\u00bb4.27.4&#8243; _module_preset=\u00bbdefault\u00bb type=\u00bb4_4&#8243; theme_builder_area=\u00bbpost_content\u00bb][et_pb_text _builder_version=\u00bb4.27.4&#8243; _module_preset=\u00bbdefault\u00bb theme_builder_area=\u00bbpost_content\u00bb hover_enabled=\u00bb0&#8243; sticky_enabled=\u00bb0&#8243;]<\/p>\n<p><span style=\"font-size: 14px;\">En este cap\u00edtulo se experimentan conversaciones con ChatGPT 4.5 de Open AI para reflexionar sobre el papel de la confianza en el aprendizaje humano, y su transferencia a situaciones de ense\u00f1anza y aprendizaje con Inteligencia Artificial, (IA), en especial con los llamados \u00abModelos de Lenguaje a Gran Escala\u00bb (en ingl\u00e9s, \u00abLarge Language Models\u00bb, LLM).<\/span><\/p>\n<p><span style=\"font-weight: 400;\">Siguiendo el modelo de integraci\u00f3n tecnopedag\u00f3gica TPACK, se exploran conversaciones con estas tecnolog\u00edas para demostrar la diferencia entre los procesos algor\u00edtmicos de cuantificaci\u00f3n de frecuencia predictiva de la IA generativa, y el sustrato bioqu\u00edmico subyacentes en\u00a0 la\u00a0 interacci\u00f3n humana. Se plantean las carencias emocionales de la IA y los l\u00edmites de los an\u00e1lisis educativos excesivamente cuantificados usados en pedagog\u00eda, como la PBE (Pr\u00e1ctica Basada en la Evidencia) y la EIP (Evidencia Informada sobre la Pr\u00e1ctica). Igualmente, se analiza la importancia de la confianza en la construcci\u00f3n de comunidad y de cohesi\u00f3n social, y se eleva una alerta por la creciente relevancia de la IA en procesos de ideaci\u00f3n, representaci\u00f3n y gesti\u00f3n de la realidad (<\/span><i><span style=\"font-weight: 400;\">algoritmismo<\/span><\/i><span style=\"font-weight: 400;\">), en la gobernanza institucional y en la toma de decisiones pol\u00edticas, a menudo excesivamente deshumanizadas e incluso abusivas (<\/span><i><span style=\"font-weight: 400;\">algoritarismo<\/span><\/i><span style=\"font-weight: 400;\">). <\/span><\/p>\n<p>[\/et_pb_text][\/et_pb_column][\/et_pb_row][et_pb_row _builder_version=\u00bb4.27.4&#8243; _module_preset=\u00bbdefault\u00bb column_structure=\u00bb1_2,1_2&#8243; theme_builder_area=\u00bbpost_content\u00bb][et_pb_column _builder_version=\u00bb4.27.4&#8243; _module_preset=\u00bbdefault\u00bb type=\u00bb1_2&#8243; theme_builder_area=\u00bbpost_content\u00bb][et_pb_text _builder_version=\u00bb4.27.4&#8243; _module_preset=\u00bbdefault\u00bb link_option_url=\u00bbhttps:\/\/ciberespiral.org\/download\/19798\/?tmstv=1729177776&#8243; global_colors_info=\u00bb{}\u00bb locked=\u00bboff\u00bb theme_builder_area=\u00bbpost_content\u00bb]<\/p>\n<h3 style=\"text-align: left;\">Haga clic en el bot\u00f3n para descargar el libro <em>Inteligencia<\/em><\/h3>\n<h3 style=\"text-align: left;\"><em>Artificial en la Microeducaci\u00f3n.<\/em><\/h3>\n<p>[\/et_pb_text][\/et_pb_column][et_pb_column _builder_version=\u00bb4.27.4&#8243; _module_preset=\u00bbdefault\u00bb type=\u00bb1_2&#8243; theme_builder_area=\u00bbpost_content\u00bb][et_pb_button button_url=\u00bbhttps:\/\/ciberespiral.org\/download\/19798\/?tmstv=1729177776&#8243; url_new_window=\u00bbon\u00bb button_text=\u00bbDescargar PDF (89,7 Mb)\u00bb _builder_version=\u00bb4.27.4&#8243; _module_preset=\u00bbdefault\u00bb global_colors_info=\u00bb{}\u00bb locked=\u00bboff\u00bb theme_builder_area=\u00bbpost_content\u00bb][\/et_pb_button][\/et_pb_column][\/et_pb_row][\/et_pb_section]<\/p>\n","protected":false},"excerpt":{"rendered":"<p>Autora: Dra. Neus Lorenzo Gal\u00e9sSociedad Catalana de Pedagog\u00eda, Universitat d\u2019Andorra Vicepresidenta de Investigaci\u00f3n en la Sociedad Catalana de Pedagog\u00eda (Institut d\u2019Estudis Catalans), cofundadora de Transformation Society y codirectora en el Grupo de Investigaci\u00f3n Transformative Society del World Federation of Associations for Teacher education (WFATE). Miembro de la Junta de ODITE y experta en comunicaci\u00f3n pluriling\u00fce [&hellip;]<\/p>\n","protected":false},"author":10,"featured_media":21434,"comment_status":"open","ping_status":"open","sticky":false,"template":"","format":"standard","meta":{"_acf_changed":false,"_et_pb_use_builder":"on","_et_pb_old_content":"","_et_gb_content_width":"","footnotes":""},"categories":[8],"tags":[344,693,254,235,256],"class_list":["post-21433","post","type-post","status-publish","format-standard","has-post-thumbnail","hentry","category-odite","tag-educacion","tag-ia-es-2","tag-innovacion","tag-odite","tag-tendencias-educativas"],"acf":[],"_links":{"self":[{"href":"https:\/\/ciberespiral.org\/es\/wp-json\/wp\/v2\/posts\/21433","targetHints":{"allow":["GET"]}}],"collection":[{"href":"https:\/\/ciberespiral.org\/es\/wp-json\/wp\/v2\/posts"}],"about":[{"href":"https:\/\/ciberespiral.org\/es\/wp-json\/wp\/v2\/types\/post"}],"author":[{"embeddable":true,"href":"https:\/\/ciberespiral.org\/es\/wp-json\/wp\/v2\/users\/10"}],"replies":[{"embeddable":true,"href":"https:\/\/ciberespiral.org\/es\/wp-json\/wp\/v2\/comments?post=21433"}],"version-history":[{"count":5,"href":"https:\/\/ciberespiral.org\/es\/wp-json\/wp\/v2\/posts\/21433\/revisions"}],"predecessor-version":[{"id":21444,"href":"https:\/\/ciberespiral.org\/es\/wp-json\/wp\/v2\/posts\/21433\/revisions\/21444"}],"wp:featuredmedia":[{"embeddable":true,"href":"https:\/\/ciberespiral.org\/es\/wp-json\/wp\/v2\/media\/21434"}],"wp:attachment":[{"href":"https:\/\/ciberespiral.org\/es\/wp-json\/wp\/v2\/media?parent=21433"}],"wp:term":[{"taxonomy":"category","embeddable":true,"href":"https:\/\/ciberespiral.org\/es\/wp-json\/wp\/v2\/categories?post=21433"},{"taxonomy":"post_tag","embeddable":true,"href":"https:\/\/ciberespiral.org\/es\/wp-json\/wp\/v2\/tags?post=21433"}],"curies":[{"name":"wp","href":"https:\/\/api.w.org\/{rel}","templated":true}]}}