{"id":21345,"date":"2025-03-15T09:00:00","date_gmt":"2025-03-15T07:00:00","guid":{"rendered":"https:\/\/ciberespiral.org\/?p=21345"},"modified":"2025-03-15T11:16:21","modified_gmt":"2025-03-15T09:16:21","slug":"informe-odite-2025","status":"publish","type":"post","link":"https:\/\/ciberespiral.org\/es\/informe-odite-2025\/","title":{"rendered":"Informe ODITE 2025"},"content":{"rendered":"<p>[et_pb_section fb_built=\u00bb1&#8243; _builder_version=\u00bb4.27.4&#8243; _module_preset=\u00bbdefault\u00bb min_height=\u00bb1883.1px\u00bb custom_padding=\u00bb52px|||||\u00bb da_disable_devices=\u00bboff|off|off\u00bb global_colors_info=\u00bb{}\u00bb da_is_popup=\u00bboff\u00bb da_exit_intent=\u00bboff\u00bb da_has_close=\u00bbon\u00bb da_alt_close=\u00bboff\u00bb da_dark_close=\u00bboff\u00bb da_not_modal=\u00bbon\u00bb da_is_singular=\u00bboff\u00bb da_with_loader=\u00bboff\u00bb da_has_shadow=\u00bbon\u00bb][et_pb_row _builder_version=\u00bb4.27.4&#8243; _module_preset=\u00bbdefault\u00bb custom_margin=\u00bb-30px|auto||auto||\u00bb custom_padding=\u00bb26px|||||\u00bb global_colors_info=\u00bb{}\u00bb][et_pb_column type=\u00bb4_4&#8243; _builder_version=\u00bb4.27.4&#8243; _module_preset=\u00bbdefault\u00bb global_colors_info=\u00bb{}\u00bb][et_pb_text _builder_version=\u00bb4.27.4&#8243; _module_preset=\u00bbdefault\u00bb hover_enabled=\u00bb0&#8243; global_colors_info=\u00bb{}\u00bb sticky_enabled=\u00bb0&#8243; min_height=\u00bb256.6px\u00bb]<\/p>\n<h1><b>\u00a1Ya disponible! Informe ODITE 2025: \u00abInteligencias conectadas: c\u00f3mo la IA est\u00e1 redefiniendo el Aprendizaje Personalizado\u00bb<\/b><\/h1>\n<p><span style=\"font-weight: 400;\">Nos complace anunciar la publicaci\u00f3n del Informe Anual ODITE-Espiral 2025, una obra coral que re\u00fane las reflexiones y experiencias de destacados profesionales de la educaci\u00f3n sobre uno de los temas m\u00e1s relevantes de nuestro tiempo: la personalizaci\u00f3n del aprendizaje mediante la inteligencia artificial.<\/span><\/p>\n<p><span style=\"font-weight: 400;\">Este informe, coordinado por <\/span><a href=\"https:\/\/www.linkedin.com\/in\/juanmimunoz\/\"><span style=\"font-weight: 400;\">Juanmi Mu\u00f1oz<\/span><\/a><span style=\"font-weight: 400;\">, <\/span><a href=\"https:\/\/www.linkedin.com\/in\/neus-lorenzo-44a0b215\/\"><span style=\"font-weight: 400;\">Neus Lorenzo<\/span><\/a><span style=\"font-weight: 400;\">, <\/span><a href=\"https:\/\/www.linkedin.com\/in\/fxsune\/\"><span style=\"font-weight: 400;\">Xavier Su\u00f1\u00e9<\/span><\/a><span style=\"font-weight: 400;\"> y <\/span><a href=\"https:\/\/www.linkedin.com\/in\/maprats\/\"><span style=\"font-weight: 400;\">Miquel \u00c0ngel Prats<\/span><\/a><span style=\"font-weight: 400;\">, explora desde m\u00faltiples perspectivas el impacto transformador de la IA en los procesos educativos. A trav\u00e9s de 28 art\u00edculos redactados por docentes, investigadores y expertos en innovaci\u00f3n educativa de diversas partes del mundo, este informe aborda tanto los fundamentos te\u00f3ricos como las aplicaciones pr\u00e1cticas, las experiencias en distintos niveles educativos y las implicaciones sociales, emocionales y \u00e9ticas de la integraci\u00f3n de la IA en la educaci\u00f3n.<\/span><\/p>\n<p>&nbsp;<\/p>\n<p>[\/et_pb_text][\/et_pb_column][\/et_pb_row][et_pb_row column_structure=\u00bb1_2,1_2&#8243; _builder_version=\u00bb4.27.4&#8243; _module_preset=\u00bbdefault\u00bb global_colors_info=\u00bb{}\u00bb][et_pb_column type=\u00bb1_2&#8243; _builder_version=\u00bb4.27.4&#8243; _module_preset=\u00bbdefault\u00bb global_colors_info=\u00bb{}\u00bb][et_pb_image src=\u00bbhttps:\/\/ciberespiral.org\/wp-content\/uploads\/2025\/03\/Captura-de-pantalla-2025-03-14-a-les-16.49.33.png\u00bb title_text=\u00bbCaptura de pantalla 2025-03-14 a les 16.49.33&#8243; _builder_version=\u00bb4.27.4&#8243; _module_preset=\u00bbdefault\u00bb global_colors_info=\u00bb{}\u00bb][\/et_pb_image][\/et_pb_column][et_pb_column type=\u00bb1_2&#8243; _builder_version=\u00bb4.27.4&#8243; _module_preset=\u00bbdefault\u00bb global_colors_info=\u00bb{}\u00bb][et_pb_text _builder_version=\u00bb4.27.4&#8243; _module_preset=\u00bbdefault\u00bb global_colors_info=\u00bb{}\u00bb]<\/p>\n<p><b>\u00bfQu\u00e9 encontrar\u00e1s en el informe?<\/b><\/p>\n<p><span style=\"font-weight: 400;\">&#8211; <\/span><b>Reflexiones Cr\u00edticas<\/b><span style=\"font-weight: 400;\">: Desde los fundamentos epistemol\u00f3gicos y \u00e9ticos de la IA en educaci\u00f3n hasta su aplicaci\u00f3n en aulas de primaria, secundaria y formaci\u00f3n profesional.<\/span><\/p>\n<p><span style=\"font-weight: 400;\">&#8211; <\/span><b>Herramientas y Metodolog\u00edas Innovadoras<\/b><span style=\"font-weight: 400;\">: Incluyendo sistemas de Generaci\u00f3n Aumentada por Recuperaci\u00f3n (RAG), aprendizaje adaptativo con IA generativa y recursos educativos abiertos (REA).<\/span><\/p>\n<p><span style=\"font-weight: 400;\">&#8211; <\/span><b>Experiencias Pr\u00e1cticas<\/b><span style=\"font-weight: 400;\">: Perspectivas del alumnado y el profesorado sobre los usos de la IA en diferentes niveles educativos.<\/span><\/p>\n<p><span style=\"font-weight: 400;\">&#8211; <\/span><b>Impacto Social y Emocional<\/b><span style=\"font-weight: 400;\">: Abordando cuestiones como la educaci\u00f3n emocional y la perspectiva de g\u00e9nero en la IA.<\/span><\/p>\n<p><b>Estructura del Informe<\/b><\/p>\n<p><span style=\"font-weight: 400;\">El libro se organiza en tres \u00e1mbitos pedag\u00f3gicos: ESCENARIO, FUNDAMENTOS y PRAXIS.<\/span><\/p>\n<p><span style=\"font-weight: 400;\">Las propuestas, seleccionadas desde diferentes territorios, se desarrollan en torno a varios ejes tem\u00e1ticos clave:<\/span><span style=\"font-weight: 400;\"><br \/><\/span><\/p>\n<ul>\n<li style=\"font-weight: 400;\" aria-level=\"1\"><b>Fundamentos Te\u00f3ricos y Conceptuales<\/b><span style=\"font-weight: 400;\">: Principios epistemol\u00f3gicos, pedag\u00f3gicos y \u00e9ticos de la IA en educaci\u00f3n.<\/span><\/li>\n<li style=\"font-weight: 400;\" aria-level=\"1\"><b>Herramientas y Metodolog\u00edas<\/b><span style=\"font-weight: 400;\">: Enfoques pr\u00e1cticos para personalizar el aprendizaje con IA.<\/span><\/li>\n<li style=\"font-weight: 400;\" aria-level=\"1\"><b>Rol Docente y Gesti\u00f3n del Cambio<\/b><span style=\"font-weight: 400;\">: Reflexiones sobre el papel del profesorado en la integraci\u00f3n de estas tecnolog\u00edas.<\/span><\/li>\n<li style=\"font-weight: 400;\" aria-level=\"1\"><b>Perspectivas Pr\u00e1cticas<\/b><span style=\"font-weight: 400;\">: Experiencias en primaria, secundaria, formaci\u00f3n profesional y universidad.<\/span><\/li>\n<li style=\"font-weight: 400;\" aria-level=\"1\"><span style=\"font-weight: 400;\">\u00a0<\/span><b>Impacto Social y Emocional<\/b><span style=\"font-weight: 400;\">: Educaci\u00f3n emocional y perspectiva de g\u00e9nero en la IA.<\/span><\/li>\n<li style=\"font-weight: 400;\" aria-level=\"1\"><b>Evaluaci\u00f3n y Futuro de la Educaci\u00f3n con IA<\/b><span style=\"font-weight: 400;\">: Nuevas formas de medir el aprendizaje en entornos personalizados.<\/span><\/li>\n<li style=\"font-weight: 400;\" aria-level=\"1\"><b>Visi\u00f3n del Alumnado y el Profesorado<\/b><span style=\"font-weight: 400;\">: Expectativas y experiencias.<\/span><\/li>\n<li style=\"font-weight: 400;\" aria-level=\"1\"><b>Creatividad y Aprendizaje Autodirigido<\/b><span style=\"font-weight: 400;\">: C\u00f3mo la IA puede fomentar la autonom\u00eda y la innovaci\u00f3n en el aprendizaje.<\/span><\/li>\n<\/ul>\n<p>[\/et_pb_text][\/et_pb_column][\/et_pb_row][et_pb_row _builder_version=\u00bb4.27.4&#8243; _module_preset=\u00bbdefault\u00bb global_colors_info=\u00bb{}\u00bb][et_pb_column type=\u00bb4_4&#8243; _builder_version=\u00bb4.27.4&#8243; _module_preset=\u00bbdefault\u00bb global_colors_info=\u00bb{}\u00bb][et_pb_text _builder_version=\u00bb4.27.4&#8243; _module_preset=\u00bbdefault\u00bb global_colors_info=\u00bb{}\u00bb]<\/p>\n<p><b>\u00bfPor qu\u00e9 leer este informe?<\/b><\/p>\n<p><span style=\"font-weight: 400;\">El pr\u00f3logo del informe, titulado \u00abEl movimiento se demuestra andando\u00bb, establece el tono de la publicaci\u00f3n mediante un metaan\u00e1lisis que revela un dato interesante: los autores abordan con mayor frecuencia los beneficios y oportunidades de la IA (92,19%) y la personalizaci\u00f3n del aprendizaje (70,31%), mientras que los riesgos y peligros son el aspecto menos desarrollado (42,19%).<\/span><\/p>\n<p><span style=\"font-weight: 400;\">Este informe ofrece herramientas conceptuales y pr\u00e1cticas para quienes buscan integrar estas tecnolog\u00edas de manera \u00e9tica, cr\u00edtica y efectiva en sus contextos educativos, evitando enfoques reduccionistas y promoviendo una discusi\u00f3n equilibrada.<\/span><\/p>\n<p><b>Descarga Gratuita<\/b><\/p>\n<p><span style=\"font-weight: 400;\">Este informe es el resultado de un esfuerzo colectivo del Observatorio de Innovaci\u00f3n Educativa y Cultura Digital (ODITE), cuya labor ha sido clave para identificar y analizar pr\u00e1cticas, metodolog\u00edas y enfoques emergentes en la intersecci\u00f3n entre inteligencia artificial y educaci\u00f3n. No queremos desvelarte m\u00e1s sobre el informe, desc\u00fabrelo t\u00fa mismo, t\u00fa misma, en \u00e9l tienes la oportunidad de explorar c\u00f3mo la IA puede transformar la educaci\u00f3n!\u00a0<\/span><\/p>\n<p><span style=\"font-weight: 400;\">Descarga gratuitamente el informe ODITE 2025 desde este enlace:<a href=\"https:\/\/ciberespiral.org\/download\/21341\/?tmstv=1741967573\" target=\"_blank\" rel=\"noopener\"> https:\/\/ciberespiral.org\/download\/21341\/?tmstv=1741967573<\/a><\/span><\/p>\n<p><span style=\"font-weight: 400;\">\u00danete a nosotros en este viaje de exploraci\u00f3n, inspiraci\u00f3n, reflexi\u00f3n y transformaci\u00f3n.\u00a0<\/span><\/p>\n<p><span style=\"font-weight: 400;\">#InformeODITE2025 #IAenEducaci\u00f3n #AprendizajePersonalizado #Innovaci\u00f3nEducativa<\/span><\/p>\n<p><span style=\"font-weight: 400;\">Juanmi, Neus, Xavi y Miquel \u00c0ngel<\/span><\/p>\n<p><i><span style=\"font-weight: 400;\">Coordinadores del Informe<\/span><\/i><\/p>\n<p>[\/et_pb_text][\/et_pb_column][\/et_pb_row][et_pb_row column_structure=\u00bb1_2,1_2&#8243; _builder_version=\u00bb4.27.4&#8243; _module_preset=\u00bbdefault\u00bb global_colors_info=\u00bb{}\u00bb][et_pb_column type=\u00bb1_2&#8243; _builder_version=\u00bb4.27.4&#8243; _module_preset=\u00bbdefault\u00bb global_colors_info=\u00bb{}\u00bb][\/et_pb_column][et_pb_column type=\u00bb1_2&#8243; _builder_version=\u00bb4.27.4&#8243; _module_preset=\u00bbdefault\u00bb global_colors_info=\u00bb{}\u00bb][et_pb_text _builder_version=\u00bb4.27.4&#8243; _module_preset=\u00bbdefault\u00bb global_colors_info=\u00bb{}\u00bb]<\/p>\n<a  data-e-Disable-Page-Transition=\"true\" class=\"download-link filetype-icon filetype-pdf\" title=\"\" href=\"https:\/\/ciberespiral.org\/es\/download\/21341\/?tmstv=1777689474\" rel=\"nofollow\" id=\"download-link-21341\" data-redirect=\"false\" >\n\tInforme_Odite_2025-1.pdf\t(10029 descargas\t)\n<\/a>\n\n<p>[\/et_pb_text][\/et_pb_column][\/et_pb_row][\/et_pb_section]<\/p>\n","protected":false},"excerpt":{"rendered":"<p>\u00a1Ya disponible! Informe ODITE 2025: \u00abInteligencias conectadas: c\u00f3mo la IA est\u00e1 redefiniendo el Aprendizaje Personalizado\u00bb Nos complace anunciar la publicaci\u00f3n del Informe Anual ODITE-Espiral 2025, una obra coral que re\u00fane las reflexiones y experiencias de destacados profesionales de la educaci\u00f3n sobre uno de los temas m\u00e1s relevantes de nuestro tiempo: la personalizaci\u00f3n del aprendizaje mediante [&hellip;]<\/p>\n","protected":false},"author":9,"featured_media":21350,"comment_status":"open","ping_status":"open","sticky":false,"template":"","format":"standard","meta":{"_acf_changed":false,"_et_pb_use_builder":"on","_et_pb_old_content":"","_et_gb_content_width":"1080","footnotes":""},"categories":[],"tags":[748],"class_list":["post-21345","post","type-post","status-publish","format-standard","has-post-thumbnail","hentry","tag-informe"],"acf":[],"_links":{"self":[{"href":"https:\/\/ciberespiral.org\/es\/wp-json\/wp\/v2\/posts\/21345","targetHints":{"allow":["GET"]}}],"collection":[{"href":"https:\/\/ciberespiral.org\/es\/wp-json\/wp\/v2\/posts"}],"about":[{"href":"https:\/\/ciberespiral.org\/es\/wp-json\/wp\/v2\/types\/post"}],"author":[{"embeddable":true,"href":"https:\/\/ciberespiral.org\/es\/wp-json\/wp\/v2\/users\/9"}],"replies":[{"embeddable":true,"href":"https:\/\/ciberespiral.org\/es\/wp-json\/wp\/v2\/comments?post=21345"}],"version-history":[{"count":15,"href":"https:\/\/ciberespiral.org\/es\/wp-json\/wp\/v2\/posts\/21345\/revisions"}],"predecessor-version":[{"id":21368,"href":"https:\/\/ciberespiral.org\/es\/wp-json\/wp\/v2\/posts\/21345\/revisions\/21368"}],"wp:featuredmedia":[{"embeddable":true,"href":"https:\/\/ciberespiral.org\/es\/wp-json\/wp\/v2\/media\/21350"}],"wp:attachment":[{"href":"https:\/\/ciberespiral.org\/es\/wp-json\/wp\/v2\/media?parent=21345"}],"wp:term":[{"taxonomy":"category","embeddable":true,"href":"https:\/\/ciberespiral.org\/es\/wp-json\/wp\/v2\/categories?post=21345"},{"taxonomy":"post_tag","embeddable":true,"href":"https:\/\/ciberespiral.org\/es\/wp-json\/wp\/v2\/tags?post=21345"}],"curies":[{"name":"wp","href":"https:\/\/api.w.org\/{rel}","templated":true}]}}